{"id":7538,"date":"2014-06-14T19:08:29","date_gmt":"2014-06-14T17:08:29","guid":{"rendered":"http:\/\/www.fsv-dippoldiswalde.de\/de\/?p=7538"},"modified":"2014-06-14T21:11:18","modified_gmt":"2014-06-14T19:11:18","slug":"14-06-2014-fsv-mit-beim-vw-fest-des-ah-liliensiek","status":"publish","type":"post","link":"https:\/\/www.fsv-dippoldiswalde.de\/de\/14-06-2014-fsv-mit-beim-vw-fest-des-ah-liliensiek\/","title":{"rendered":"14.06.2014 FSV mit beim VW FEST des AH Liliensiek"},"content":{"rendered":"<p><a class=\"ngg-fancybox\" title=\" \" href=\"http:\/\/www.fsv-dippoldiswalde.de\/de\/wp-content\/gallery\/vw-fest-liliensiek-14-06-2014\/14.06.2014-20140614_140101-Saison-2013-14.jpg\" data-image-id=\"3693\" data-src=\"http:\/\/www.fsv-dippoldiswalde.de\/de\/wp-content\/gallery\/vw-fest-liliensiek-14-06-2014\/14.06.2014-20140614_140101-Saison-2013-14.jpg\" data-thumbnail=\"http:\/\/www.fsv-dippoldiswalde.de\/de\/wp-content\/gallery\/vw-fest-liliensiek-14-06-2014\/thumbs\/thumbs_14.06.2014-20140614_140101-Saison-2013-14.jpg\" data-title=\"14.06.2014  20140614_140101-Saison 2013-14\" data-description=\" \"><img decoding=\"async\" class=\"ngg-singlepic ngg-left alignleft\" src=\"http:\/\/www.fsv-dippoldiswalde.de\/de\/wp-content\/gallery\/vw-fest-liliensiek-14-06-2014\/thumbs\/thumbs_14.06.2014-20140614_140101-Saison-2013-14.jpg\" alt=\"14.06.2014  20140614_140101-Saison 2013-14\" width=\"150\" height=\"105\" \/><\/a>18 Jugendspieler, aus unseren G, F und D-Jugendmannschaften, sowie 4 Spieler aus der 1. M\u00e4nnermannschaft konnten den FSV beim diesj\u00e4hrigen VW FEST des Autohaus Liliensiek pr\u00e4sentieren. Dabei konnten sie ihr K\u00f6nnen unter anderem beim Torwandschie\u00dfen unter Beweis stellen. Am Ende gewann das Team um Florian Gamaleja (1. M\u00e4nner), Robin G\u00f6hler, Jonas Grabe und Benjamin Bautzmann (F-Jugend). Der Gesch\u00e4ftsf\u00fchrer Daniel Liliensiek gratulierte pers\u00f6nlich den Gewinnern der Pl\u00e4tze 1 &#8211; 3 und \u00fcberreichte sehenswerte Preise.  Als Trefferk\u00f6nig, mit 3 Treffern, wurde Willi Ehrlich geehrt.<\/p>\n<p>&nbsp;<\/p>\n<p>Vielen Dank an das Autohaus Liliensiek<\/p>\n<p>&nbsp;<\/p>\n<p style=\"text-align: center;\"><p>Invalid Displayed Gallery<\/p><\/p>\n<p>&nbsp;<\/p>\n","protected":false},"excerpt":{"rendered":"<p>18 Jugendspieler, aus unseren G, F und D-Jugendmannschaften, sowie 4 Spieler aus der 1. M\u00e4nnermannschaft konnten den FSV beim diesj\u00e4hrigen&#46;&#46;&#46;<\/p>\n","protected":false},"author":2,"featured_media":0,"comment_status":"closed","ping_status":"open","sticky":false,"template":"","format":"standard","meta":{"ngg_post_thumbnail":0,"footnotes":"","_links_to":"","_links_to_target":""},"categories":[22,1,52,44,45,46,27],"tags":[],"class_list":["post-7538","post","type-post","status-publish","format-standard","hentry","category-1-manner-201314","category-allgemein","category-allgemein-201314","category-d-jugend-201314","category-e-jugend-201314","category-f-jugend-201314","category-nachwuchsbereich-201314"],"_links":{"self":[{"href":"https:\/\/www.fsv-dippoldiswalde.de\/de\/wp-json\/wp\/v2\/posts\/7538","targetHints":{"allow":["GET"]}}],"collection":[{"href":"https:\/\/www.fsv-dippoldiswalde.de\/de\/wp-json\/wp\/v2\/posts"}],"about":[{"href":"https:\/\/www.fsv-dippoldiswalde.de\/de\/wp-json\/wp\/v2\/types\/post"}],"author":[{"embeddable":true,"href":"https:\/\/www.fsv-dippoldiswalde.de\/de\/wp-json\/wp\/v2\/users\/2"}],"replies":[{"embeddable":true,"href":"https:\/\/www.fsv-dippoldiswalde.de\/de\/wp-json\/wp\/v2\/comments?post=7538"}],"version-history":[{"count":5,"href":"https:\/\/www.fsv-dippoldiswalde.de\/de\/wp-json\/wp\/v2\/posts\/7538\/revisions"}],"predecessor-version":[{"id":7544,"href":"https:\/\/www.fsv-dippoldiswalde.de\/de\/wp-json\/wp\/v2\/posts\/7538\/revisions\/7544"}],"wp:attachment":[{"href":"https:\/\/www.fsv-dippoldiswalde.de\/de\/wp-json\/wp\/v2\/media?parent=7538"}],"wp:term":[{"taxonomy":"category","embeddable":true,"href":"https:\/\/www.fsv-dippoldiswalde.de\/de\/wp-json\/wp\/v2\/categories?post=7538"},{"taxonomy":"post_tag","embeddable":true,"href":"https:\/\/www.fsv-dippoldiswalde.de\/de\/wp-json\/wp\/v2\/tags?post=7538"}],"curies":[{"name":"wp","href":"https:\/\/api.w.org\/{rel}","templated":true}]}}