{"id":45865,"date":"2024-08-12T18:00:36","date_gmt":"2024-08-12T16:00:36","guid":{"rendered":"https:\/\/www.fsv-dippoldiswalde.de\/de\/?p=45865"},"modified":"2024-11-12T16:01:54","modified_gmt":"2024-11-12T15:01:54","slug":"erstes-pflichtspiel-der-neuen-d-jugend-des-fsv","status":"publish","type":"post","link":"https:\/\/www.fsv-dippoldiswalde.de\/de\/erstes-pflichtspiel-der-neuen-d-jugend-des-fsv\/","title":{"rendered":"10.08.2024 Erstes Pflichtspiel der neuen D-Jugend des FSV"},"content":{"rendered":"<div>&nbsp;<\/div>\n<div><img fetchpriority=\"high\" decoding=\"async\" class=\"\" src=\"https:\/\/www.fsv-dippoldiswalde.de\/de\/wp-content\/uploads\/2024\/08\/Mannschaftsbild-Spiel-SV-Glashuette-Saison-2024_25.jpg\" alt=\"\" width=\"595\" height=\"446\"\/><\/div>\n<div>&nbsp;<\/div>\n<p>Am Samstag startetet die neue Saison der D-Jugend. Nicht nur das Team war neu, auch das Format, wie ab dieser Saison gespielt wird. So traten wir zum 7 gegen 7 (6:1), \u00fcber 3 mal 20 Minuten, zum Kreispokalspiel beim SV Glash\u00fctte an.<\/p>\n<p><a href=\"https:\/\/www.fussball.de\/spiel\/sv-glashuette-fsv-dippoldiswalde\/-\/spiel\/02PUVU18Q0000000VS5489B4VVTKJJ35#!\/\" target=\"_blank\" rel=\"noopener\">-&gt; zum Spiel<\/a><\/p>\n<p>Wie zu erwarten, nach einem Training und einem Trainingsspiel, gingen wir nicht mit sehr hohen Erwartungen gegen die erfahrene D-Jugendmannschaft aus Glash\u00fctte ins Spiel.&nbsp;<\/p>\n<p>Die Orientierung auf dem Halbfeld und an das D-Jugend Niveau, brauchte eine wenig und so stand es nach 13 Minuten 1:0 f\u00fcr Glash\u00fctte. Doch statt die K\u00f6pfe h\u00e4ngen zulassen, spielte sich unsere D-Jugend langsam ein, k\u00e4mpfte und so belohnten sie sich kurz nach der ersten Drittel-Pause mit ihrem ersten Saisontor durch Luis. Doch Glash\u00fctte wusste 5 Minuten sp\u00e4ter wieder in F\u00fchrung zu gehen. Anschlie\u00dfend folgte weiter eine beherzte Leistung unserer Mannschaft, viel Energie und Willen. Die ersten beiden Drittel waren beide Mannschaften am K\u00e4mpfen und lie\u00dfen das Spiel lange offen. &nbsp;<\/p>\n<p>Leider sollten dann aber das Schlussdrittel zeigen, wie schnell die Kraft und damit auch die Konzentration und Ordnung nachlie\u00df. Folgerichtig entstanden viele Gef\u00e4hrliche Situationen in Unterzahl vor unsrem Tor, welche dann bestraft wurden vom Gegner. Gro\u00dfartig war aber, wie dann trotzdem weiter versucht wurde Tore zu schie\u00dfen und dieser Wille mit einem weiteren Tor durch Luis belohnt wurde. Am Ende hie\u00df der verdiente Sieger SV Glash\u00fctte, welcher auch ein sehr fairer und toller Gastgeber war. Wir w\u00fcnschen dem SV Glash\u00fctte alles Gute f\u00fcr das n\u00e4chste Pokalspiel und die Saison.<\/p>\n<p>Zum Schluss m\u00f6chte ich ein Lob aussprechen f\u00fcr die gezeigte Leistung unserer jungen D-Jugend, welche in der aktuellen Saisonphase sowie die Umstellung von E-Jugend auf D-Jugend, schon viele gute Ans\u00e4tze zeigt. Ein Beispiel ist, das Erwin (als einziger erfahrener D-Jugendspieler) zum ersten Mal im Tor stand und sofort eine gro\u00dfartige Leistung zeigte (wie auch die anderen Spieler im Team). &nbsp;<\/p>\n<p>Nat\u00fcrlich wissen wir, dass die Reise durch die Saison noch einige Etappenziele auf den Plan stehen hat, aber die aktuelle Einstellung der Mannschaft wir dazu beitragen, schnelle Fortschritte zu machen. &nbsp;Wir freuen uns auch, wenn die noch fehlenden Spieler, Niklas, Karl, Finnlay, Florian, Bruno und Benno zum Einsatz kommen.<\/p>\n<p>Nun steht das n\u00e4chste Spiel am Samstag gegen den SV Rabenau an.<\/p>\n<p><em>Bericht: M. Wei\u00df<\/em><\/p>\n","protected":false},"excerpt":{"rendered":"<p>&nbsp; &nbsp; Am Samstag startetet die neue Saison der D-Jugend. Nicht nur das Team war neu, auch das Format, wie&#46;&#46;&#46;<\/p>\n","protected":false},"author":13,"featured_media":45866,"comment_status":"closed","ping_status":"open","sticky":false,"template":"","format":"standard","meta":{"ngg_post_thumbnail":0,"footnotes":"","_links_to":"","_links_to_target":""},"categories":[380],"tags":[],"class_list":["post-45865","post","type-post","status-publish","format-standard","has-post-thumbnail","hentry","category-nachwuchs-2024-25"],"_links":{"self":[{"href":"https:\/\/www.fsv-dippoldiswalde.de\/de\/wp-json\/wp\/v2\/posts\/45865","targetHints":{"allow":["GET"]}}],"collection":[{"href":"https:\/\/www.fsv-dippoldiswalde.de\/de\/wp-json\/wp\/v2\/posts"}],"about":[{"href":"https:\/\/www.fsv-dippoldiswalde.de\/de\/wp-json\/wp\/v2\/types\/post"}],"author":[{"embeddable":true,"href":"https:\/\/www.fsv-dippoldiswalde.de\/de\/wp-json\/wp\/v2\/users\/13"}],"replies":[{"embeddable":true,"href":"https:\/\/www.fsv-dippoldiswalde.de\/de\/wp-json\/wp\/v2\/comments?post=45865"}],"version-history":[{"count":6,"href":"https:\/\/www.fsv-dippoldiswalde.de\/de\/wp-json\/wp\/v2\/posts\/45865\/revisions"}],"predecessor-version":[{"id":46743,"href":"https:\/\/www.fsv-dippoldiswalde.de\/de\/wp-json\/wp\/v2\/posts\/45865\/revisions\/46743"}],"wp:featuredmedia":[{"embeddable":true,"href":"https:\/\/www.fsv-dippoldiswalde.de\/de\/wp-json\/wp\/v2\/media\/45866"}],"wp:attachment":[{"href":"https:\/\/www.fsv-dippoldiswalde.de\/de\/wp-json\/wp\/v2\/media?parent=45865"}],"wp:term":[{"taxonomy":"category","embeddable":true,"href":"https:\/\/www.fsv-dippoldiswalde.de\/de\/wp-json\/wp\/v2\/categories?post=45865"},{"taxonomy":"post_tag","embeddable":true,"href":"https:\/\/www.fsv-dippoldiswalde.de\/de\/wp-json\/wp\/v2\/tags?post=45865"}],"curies":[{"name":"wp","href":"https:\/\/api.w.org\/{rel}","templated":true}]}}