{"id":41887,"date":"2023-09-25T15:00:12","date_gmt":"2023-09-25T13:00:12","guid":{"rendered":"https:\/\/www.fsv-dippoldiswalde.de\/de\/?p=41887"},"modified":"2023-11-04T16:10:35","modified_gmt":"2023-11-04T15:10:35","slug":"22-09-23-fsv-ah-ue35-hoeckendorfer-fv-5-0-1-0","status":"publish","type":"post","link":"https:\/\/www.fsv-dippoldiswalde.de\/de\/22-09-23-fsv-ah-ue35-hoeckendorfer-fv-5-0-1-0\/","title":{"rendered":"22.09.23 FSV AH \u00dc35 \u2013 H\u00f6ckendorfer FV 5 : 0 (1 : 0)"},"content":{"rendered":"<div class=\"sportspress\"><div class=\"sp-section-content sp-section-content-logos\"><div class=\"sp-template sp-template-event-logos sp-template-event-logos-inline\"><div class=\"sp-event-logos sp-event-logos-2\"><span class=\"sp-team-logo\"><img decoding=\"async\" width=\"100\" height=\"122\" src=\"https:\/\/www.fsv-dippoldiswalde.de\/de\/wp-content\/uploads\/ngg_featured\/fsv-logo.jpg\" class=\"attachment-sportspress-fit-icon size-sportspress-fit-icon wp-post-image\" alt=\"\" \/><\/span> \u2013 <span class=\"sp-team-logo\"><img decoding=\"async\" width=\"100\" height=\"100\" src=\"https:\/\/www.fsv-dippoldiswalde.de\/de\/wp-content\/uploads\/ngg_featured\/H\u00f6ckendorfer-FV.jpg\" class=\"attachment-sportspress-fit-icon size-sportspress-fit-icon wp-post-image\" alt=\"\" \/><\/span><\/div><\/div><\/div><div class=\"sp-section-content sp-section-content-content\"><p><strong><a href=\"https:\/\/www.fsv-dippoldiswalde.de\/de\/wp-content\/uploads\/2023\/11\/nggallery_import\/24.09.2023-20230922_182955-Saison-2023_24.jpg\"><img loading=\"lazy\" decoding=\"async\" class=\"alignleft size-thumbnail wp-image-42566\" src=\"https:\/\/www.fsv-dippoldiswalde.de\/de\/wp-content\/uploads\/2023\/11\/nggallery_import\/24.09.2023-20230922_182955-Saison-2023_24-200x150.jpg\" alt=\"\" width=\"200\" height=\"150\" \/><\/a>Spielbericht AH \u00dc35: FSV Dippoldiswalde \u2013 H\u00f6ckendorfer FV 5:0 (1:0)<\/strong><\/p>\n<p>Unter Flutlicht trafen wir am Freitagabend auf die Seniorenkicker aus H\u00f6ckendorf.<\/p>\n<p>Beide Teams gingen von Anpfiff weg engagiert zu Werke. Der Ball lief dabei ganz ansehnlich durch die Reihen des jeweils in Ballbesitz befindlichen Teams. Wir erarbeiteten uns dann mit fortlaufender Spielzeit ein \u00dcbergewicht und kamen auch zu mehreren klaren Einschussm\u00f6glichkeiten, die aber entweder kl\u00e4glich vergeben oder durch den saustarken Keeper der G\u00e4ste zunichtegemacht wurden.<\/p>\n<p>Kurz vor der Pause fiel dann doch noch die verdiente F\u00fchrung. Nach einem tollen Pass in die Tiefe, tauchte Mittelfeldmotor Marco pl\u00f6tzlich allein vorm Torwart auf, behielt die Ruhe und schob \u00fcberlegt flach ein.<\/p>\n<p>Nach der Pause versuchten die H\u00f6ckendorfer noch einmal besser ins Spiel zu kommen und mittels h\u00f6herer Intensit\u00e4t in den Zweik\u00e4mpfen unseren Spielfluss zu st\u00f6ren. Dadurch wurde das weitestgehend faire Spiel nun insgesamt etwas ruppiger.<\/p>\n<p>Wir lie\u00dfen uns aber nicht mehr vom rechten Weg abbringen und konnten den Vorsprung sukzessive ausbauen. Beim 2:0 musste Petrick nur noch die gekonnte Vorarbeit nach Solo von Eric veredeln und das Runde \u00fcber die Linie dr\u00fccken. Doppelpacker Daniel erh\u00f6hte zun\u00e4chst nach Vorarbeit von Ulli und Gerrit auf 3:0 und stellte sp\u00e4ter auch den Endstand zum 5:0 her. Beide Male konnte er Querp\u00e4sse im Strafraum mit Direktabnahme im Kasten unterbringen. Beim 4:0 tauchte der ansonsten in der Innenverteidigung gemeinsam mit Gietz f\u00fcr Ordnung und einen gepflegten Spielaufbau sorgende Cubi \u00fcberraschend in der gegnerischen Box auf und streichelte eine scharfe Eingabe von links gekonnt mit dem rechten Au\u00dfenrist ins kurze Eck.<\/p>\n<p>Unsere Abwehr machte jederzeit einen sicheren Eindruck und lie\u00df \u00fcber das gesamte Spiel kaum Chancen des Gegners zu. Keeper Dex hatte so einen eher ruhigen Abend.<\/p>\n<p>Kurz vor Spielende kam es noch zu einem etwas ungl\u00fccklichen Zusammenprall zwischen \u201ePrellbock\u201c Gietz und dem G\u00e4stespielmacher Uwe, der das Feld leider verletzt verlassen musste. Hoffentlich ist es nicht so schlimm, gute Besserung aus Dipps! Der umsichtig leitende Schiedsrichter Ebs Walther beendete kurz darauf die Partie und schickte die Kicker ins verdiente Wochenende.<\/p>\n<p>Jeweils einen extra Dank\u2026an W\u00e4schefee Marco, Schiri Ebs und dem J\u00fcrgen f\u00fcr Speis und Trank!<\/p>\n<p>F\u00fcr uns kamen zum Einsatz:<\/p>\n<p><img decoding=\"async\" src=\"https:\/\/www.fsv-dippoldiswalde.de\/de\/wp-content\/gallery\/ah35-mannschaftsbilder-2023\/24.09.2023-20230922_182955-Saison-2023_24.jpg\" alt=\"\" \/><\/p>\n<p>Dex, Hagen, Mario, Gietz, Cubi, Ulli, T., Marco, Steve, Eric, King, Daniel, Gerrit, Petrick, Ulli, M.<\/p>\n<p>Tore: 1:0 Marco (35. Min.), 2:0 Petrick (50.), 3:0 Daniel (62.), 4:0 Cubi (73.), 5:0 Daniel (77.)<\/p>\n<p>Bericht: <em>S.Wagner<\/em><\/p>\n<\/div><div class=\"sp-section-content sp-section-content-details\"><div class=\"sp-template sp-template-event-details\">\n\t<h4 class=\"sp-table-caption\">Details<\/h4>\n\t<div class=\"sp-table-wrapper\">\n\t\t<table class=\"sp-event-details sp-data-table\n\t\t\t\t\t sp-scrollable-table\">\n\t\t\t<thead>\n\t\t\t\t<tr>\n\t\t\t\t\t\t\t\t\t\t\t<th>Datum<\/th>\n\t\t\t\t\t\t\t\t\t\t\t\t<th>Zeit<\/th>\n\t\t\t\t\t\t\t\t\t\t\t\t<th>Liga<\/th>\n\t\t\t\t\t\t\t\t\t\t\t\t<th>Saison<\/th>\n\t\t\t\t\t\t\t\t\t\t<\/tr>\n\t\t\t<\/thead>\n\t\t\t<tbody>\n\t\t\t\t<tr class=\"odd\">\n\t\t\t\t\t\t\t\t\t\t\t<td>22. September 2023<\/td>\n\t\t\t\t\t\t\t\t\t\t\t\t<td>18:30<\/td>\n\t\t\t\t\t\t\t\t\t\t\t\t<td>Freundschaftsspiele AH \u00dc 35<\/td>\n\t\t\t\t\t\t\t\t\t\t\t\t<td>2023<\/td>\n\t\t\t\t\t\t\t\t\t\t<\/tr>\n\t\t\t<\/tbody>\n\t\t<\/table>\n\t<\/div>\n<\/div>\n<\/div><div class=\"sp-section-content sp-section-content-results\"><div class=\"sp-template sp-template-event-results\">\n\t<h4 class=\"sp-table-caption\">Ergebnis<\/h4><div class=\"sp-table-wrapper\"><table class=\"sp-event-results sp-data-table sp-scrollable-table\"><thead><th class=\"data-name\">Verein<\/th><th class=\"data-endstand\">Endstand<\/th><th class=\"data-outcome\">Endstand<\/th><\/tr><\/thead><tbody><tr class=\"odd\"><td class=\"data-name\">FSV Dippoldiswalde AH<\/td><td class=\"data-endstand\">5<\/td><td class=\"data-outcome\">Sieg<\/td><\/tr><tr class=\"even\"><td class=\"data-name\">H\u00f6ckendorfer FV<\/td><td class=\"data-endstand\">0<\/td><td class=\"data-outcome\">Verloren<\/td><\/tr><\/tbody><\/table><\/div><\/div>\n<\/div><div class=\"sp-section-content sp-section-content-performance\"><\/div><div class=\"sp-tab-group\"><\/div><\/div>\n","protected":false},"excerpt":{"rendered":"","protected":false},"author":13,"featured_media":42566,"comment_status":"closed","ping_status":"open","sticky":false,"template":"","format":"standard","meta":{"ngg_post_thumbnail":0,"footnotes":"","_links_to":"","_links_to_target":""},"categories":[352],"tags":[],"class_list":["post-41887","post","type-post","status-publish","format-standard","has-post-thumbnail","hentry","category-alt-herren-2023"],"_links":{"self":[{"href":"https:\/\/www.fsv-dippoldiswalde.de\/de\/wp-json\/wp\/v2\/posts\/41887","targetHints":{"allow":["GET"]}}],"collection":[{"href":"https:\/\/www.fsv-dippoldiswalde.de\/de\/wp-json\/wp\/v2\/posts"}],"about":[{"href":"https:\/\/www.fsv-dippoldiswalde.de\/de\/wp-json\/wp\/v2\/types\/post"}],"author":[{"embeddable":true,"href":"https:\/\/www.fsv-dippoldiswalde.de\/de\/wp-json\/wp\/v2\/users\/13"}],"replies":[{"embeddable":true,"href":"https:\/\/www.fsv-dippoldiswalde.de\/de\/wp-json\/wp\/v2\/comments?post=41887"}],"version-history":[{"count":1,"href":"https:\/\/www.fsv-dippoldiswalde.de\/de\/wp-json\/wp\/v2\/posts\/41887\/revisions"}],"predecessor-version":[{"id":41888,"href":"https:\/\/www.fsv-dippoldiswalde.de\/de\/wp-json\/wp\/v2\/posts\/41887\/revisions\/41888"}],"wp:featuredmedia":[{"embeddable":true,"href":"https:\/\/www.fsv-dippoldiswalde.de\/de\/wp-json\/wp\/v2\/media\/42566"}],"wp:attachment":[{"href":"https:\/\/www.fsv-dippoldiswalde.de\/de\/wp-json\/wp\/v2\/media?parent=41887"}],"wp:term":[{"taxonomy":"category","embeddable":true,"href":"https:\/\/www.fsv-dippoldiswalde.de\/de\/wp-json\/wp\/v2\/categories?post=41887"},{"taxonomy":"post_tag","embeddable":true,"href":"https:\/\/www.fsv-dippoldiswalde.de\/de\/wp-json\/wp\/v2\/tags?post=41887"}],"curies":[{"name":"wp","href":"https:\/\/api.w.org\/{rel}","templated":true}]}}