{"id":40737,"date":"2023-06-20T14:05:06","date_gmt":"2023-06-20T12:05:06","guid":{"rendered":"https:\/\/www.fsv-dippoldiswalde.de\/de\/?p=40737"},"modified":"2023-06-20T14:05:06","modified_gmt":"2023-06-20T12:05:06","slug":"18-06-23-spg-1-maenner-1-fc-pirna-2-5-3-20","status":"publish","type":"post","link":"https:\/\/www.fsv-dippoldiswalde.de\/de\/18-06-23-spg-1-maenner-1-fc-pirna-2-5-3-20\/","title":{"rendered":"18.06.23 SpG 1.M\u00e4nner \u2013 1. FC Pirna 2. 5 : 3 (2:0)"},"content":{"rendered":"<div class=\"sportspress\"><div class=\"sp-section-content sp-section-content-logos\"><div class=\"sp-template sp-template-event-logos sp-template-event-logos-inline\"><div class=\"sp-event-logos sp-event-logos-2\"><span class=\"sp-team-logo\"><img decoding=\"async\" width=\"128\" height=\"82\" src=\"https:\/\/www.fsv-dippoldiswalde.de\/de\/wp-content\/uploads\/2021\/08\/SpG-FSV_TSV_ab-2021_100x100px-128x82.jpg\" class=\"attachment-sportspress-fit-icon size-sportspress-fit-icon wp-post-image\" alt=\"\" \/><\/span> \u2013 <span class=\"sp-team-logo\"><img decoding=\"async\" width=\"76\" height=\"100\" src=\"https:\/\/www.fsv-dippoldiswalde.de\/de\/wp-content\/uploads\/ngg_featured\/1.fc-Pirna.jpg\" class=\"attachment-sportspress-fit-icon size-sportspress-fit-icon wp-post-image\" alt=\"\" \/><\/span><\/div><\/div><\/div><div class=\"sp-section-content sp-section-content-content\"><p><strong><a class=\"ngg-fancybox\" title=\" \" href=\"https:\/\/www.fsv-dippoldiswalde.de\/de\/wp-content\/gallery\/1-maenner-26-spieltag-22_23\/20.06.2023-IMG_5689-Saison-2022_23.jpg\" rel=\"\" data-image-id=\"15094\" data-src=\"https:\/\/www.fsv-dippoldiswalde.de\/de\/wp-content\/gallery\/1-maenner-26-spieltag-22_23\/20.06.2023-IMG_5689-Saison-2022_23.jpg\" data-thumbnail=\"https:\/\/www.fsv-dippoldiswalde.de\/de\/wp-content\/gallery\/1-maenner-26-spieltag-22_23\/thumbs\/thumbs_20.06.2023-IMG_5689-Saison-2022_23.jpg\" data-title=\"20.06.2023-IMG_5689-Saison-2022_23\" data-description=\" \"><img decoding=\"async\" class=\"ngg-singlepic ngg-none alignleft\" src=\"https:\/\/www.fsv-dippoldiswalde.de\/de\/wp-content\/gallery\/1-maenner-26-spieltag-22_23\/thumbs\/thumbs_20.06.2023-IMG_5689-Saison-2022_23.jpg\" alt=\"20.06.2023-IMG_5689-Saison-2022_23\" \/><\/a><\/strong><strong>Sieg im Heimspiel gegen Pirna.<\/strong><br aria-hidden=\"true\" \/><br \/>\n<br aria-hidden=\"true\" \/><br \/>\nDa bis dato immer noch keiner so richtig wusste ob es einen Absteiger gibt oder nicht, war das Ziel f\u00fcr die letzten 2 Spiele klar. Sportlich nicht letzter werden, um hier auf Nummer sicher zu gehen. Und so gingen wir auch in das erste der \u201e6 Punkte\u201c Spiele gegen den direkten Tabellennachbar.&nbsp;<\/p>\n<p>&nbsp;<\/p>\n<p>&nbsp;<\/p>\n<p><a href=\"https:\/\/www.fsv-dippoldiswalde.de\/de\/bildergallerie\/bilder-1-manner\/nggallery\/album-1-maenner-22_23\/1-maenner-26-spieltag-22_23\"><em>&#8211;&gt; Bilder<\/em><\/a><\/p>\n<p><a href=\"https:\/\/www.fussball.de\/spiel\/spg-fsv-dippoldiswalde-tsv-reinhardtsgrimma-1-fc-pirna-2\/-\/spiel\/02IQ4C4254000000VS5489B3VUDHAAN1#!\/\" target=\"_blank\" rel=\"noopener\"><em>&#8211;&gt; zum Spiel<\/em><\/a><\/p>\n<p>&nbsp;<\/p>\n<p>Wir hatten bis auf wenige Ausnahmen volle Besetzung, starteten sehr offensiv und die ersten Chance, durch Marvin Kerndt, war hier auf unserer Seite zu verzeichnen. Jedoch wurde der Torschuss kurz vor knapp abgeblockt. Wir setzten die G\u00e4ste weiterhin unter Druck. Diese konnten sich wenig bis garnicht befreien. Der Ballbesitz waren deutlich bei uns. Wir liefen den Ball auch kontrolliert laufen und setzten immer wieder Akzente in der gegnerischen H\u00e4lfte. Wenn der Gegner mal gef\u00e4hrlich wurde, dann durch eigenes Verschulden. Und so hielt Nick Urban in zwei brenzligen Situationen die 0 fest. Durch einen Abwehrfehler der G\u00e4ste und dem konsequenten Nachsetzen vom Max Menzer blieb dem Gegner nichts anderes \u00fcbrig, wie den Ball ins eigene Netz zu bef\u00f6rdern. Eigentor und F\u00fchrung f\u00fcr uns. Mehr wie verdient. Auch im Anschluss spielten wir weiter aktiv nach vorn. Durch einen schnellen Freistoss vom Richard Seidlitz auf Max Menzer, hinter die Abwehrkette, dem starken Pass auf Rene Siegfried und es stand 2:0. Das 3:0 wurde leider vom Max Menzer verfehlt. Halbzeit.<br aria-hidden=\"true\" \/><br \/>\n<br aria-hidden=\"true\" \/><br \/>\nWir kamen super aus der Pause raus. Einen ganz starken Doppelpass vom Marvin Kerndt mit Max Cub\u00e9us und auf einen Schlag war Marvin Kerndt an Freund und Feind vorbei. Ein super flacher Ball auf Richard Seidlitz und es stand 3:0. Nun erhofften wir uns die gew\u00fcnschte Spielruhe. Leider mussten wir den zweiten Wechsel aufgrund von Verletzungen ausf\u00fchren und nahmen Marvin Kerndt vom Platz. Direkt im Gegenzug gab es einen langen Ball, welche unsere Abwehr eigentlich sicher haben muss, Eigentlich\u2026 ein Missverst\u00e4ndnis zwischen Abwehr und Tormann und der Anschluss war da. Kurze Zeit sp\u00e4ter die n\u00e4chste Situation. Hoher Eckball f\u00fcr den Gegner, unser Tormann kam an den Ball nicht ran und es stand 3:2. V\u00f6llig unn\u00f6tig. Wie so oft machen wir den Gegner stark. Und nun der n\u00e4chste R\u00fcckschlag. Unser Abwehrspieler Mathias Walther verletzte sich am Kn\u00f6chel und auch unser Aussenspieler Marcel Betz (Schulter ausgekugelt, wurde vom Krankenwagen geholt) musste ausgewechselt werden. Bitter\u2026 Aufgrund dessen stellten wir wieder auf 4er Kette um. Nun hatten wir nat\u00fcrlich im Mittelfeld deutlich weniger Zugriff. Wir lauerten nun auf Konter und hier hatten wir mit Magnus Menzer genau den Richtigen. Dieser setzte sich im Strafraum gegen den Verteidiger sowie den Tormann durch und stellte wieder auf 4:2. Das muss es doch jetzt sein dachten alle. Aber leider nur kurz. Eine Minute sp\u00e4ter lies unser Tormann einen schon sicheren Ball wieder los und der St\u00fcrmer netzte erneut zum Anschluss. Das zittern ging also wieder los. Gott sei dank erl\u00f6ste uns der eingewechselte Erik Kaden mit seinem ersten Saisontor zum Heimsieg.<br aria-hidden=\"true\" \/><br \/>\n<br aria-hidden=\"true\" \/><br \/>\nFazit: V\u00f6llig unn\u00f6tig das Spiel aus der Hand gegeben. Aber egal mit dem Sieg \u00fcberholten wir die Mannschaft aus Pirna und k\u00f6nnen nun mit einem Sieg gegen H\u00f6ckendorf den \u201esportlichen\u201c Abstieg entgehen.<br aria-hidden=\"true\" \/><br \/>\n<br aria-hidden=\"true\" \/><br \/>\nAlso alle nochmal zum Jubil\u00e4um 33 Jahre n\u00e4chsten Samstag nach Dippoldiswalde kommen.<br aria-hidden=\"true\" \/><br \/>\n<br aria-hidden=\"true\" \/>\n<\/p>\n<p><em>Bericht: E.Klanthe<\/em><\/p>\n<\/div><div class=\"sp-section-content sp-section-content-details\"><div class=\"sp-template sp-template-event-details\">\n\t<h4 class=\"sp-table-caption\">Details<\/h4>\n\t<div class=\"sp-table-wrapper\">\n\t\t<table class=\"sp-event-details sp-data-table\n\t\t\t\t\t sp-scrollable-table\">\n\t\t\t<thead>\n\t\t\t\t<tr>\n\t\t\t\t\t\t\t\t\t\t\t<th>Datum<\/th>\n\t\t\t\t\t\t\t\t\t\t\t\t<th>Zeit<\/th>\n\t\t\t\t\t\t\t\t\t\t\t\t<th>Liga<\/th>\n\t\t\t\t\t\t\t\t\t\t\t\t<th>Saison<\/th>\n\t\t\t\t\t\t\t\t\t\t\t\t<th>Spieltag<\/th>\n\t\t\t\t\t\t\t\t\t\t<\/tr>\n\t\t\t<\/thead>\n\t\t\t<tbody>\n\t\t\t\t<tr class=\"odd\">\n\t\t\t\t\t\t\t\t\t\t\t<td>18. Juni 2023<\/td>\n\t\t\t\t\t\t\t\t\t\t\t\t<td>15:00<\/td>\n\t\t\t\t\t\t\t\t\t\t\t\t<td>Kreisliga A<\/td>\n\t\t\t\t\t\t\t\t\t\t\t\t<td>2022\/23<\/td>\n\t\t\t\t\t\t\t\t\t\t\t\t<td>26.<\/td>\n\t\t\t\t\t\t\t\t\t\t<\/tr>\n\t\t\t<\/tbody>\n\t\t<\/table>\n\t<\/div>\n<\/div>\n<\/div><div class=\"sp-section-content sp-section-content-results\"><div class=\"sp-template sp-template-event-results\">\n\t<h4 class=\"sp-table-caption\">Ergebnis<\/h4><div class=\"sp-table-wrapper\"><table class=\"sp-event-results sp-data-table sp-scrollable-table\"><thead><th class=\"data-name\">Verein<\/th><th class=\"data-onehalbzeit\">1.Halbzeit<\/th><th class=\"data-endstand\">Endstand<\/th><th class=\"data-outcome\">Endstand<\/th><\/tr><\/thead><tbody><tr class=\"odd\"><td class=\"data-name\">SpG FSV Dippoldiswalde \/ TSV Reinhardtsgrimma<\/td><td class=\"data-onehalbzeit\">2<\/td><td class=\"data-endstand\">5<\/td><td class=\"data-outcome\">Sieg<\/td><\/tr><tr class=\"even\"><td class=\"data-name\">1. FC Pirna 2.<\/td><td class=\"data-onehalbzeit\">0<\/td><td class=\"data-endstand\">3<\/td><td class=\"data-outcome\">Verloren<\/td><\/tr><\/tbody><\/table><\/div><\/div>\n<\/div><div class=\"sp-section-content sp-section-content-performance\">\t\t<div class=\"sp-event-performance-tables sp-event-performance-teams\">\n\t\t\t<div class=\"sp-template sp-template-event-performance sp-template-event-performance-icons\t\t\t\t\t\t\t\t\t\t\t\t\t\t\t\t\t\t\t\t\t\t\t   \">\n\t\t\t<h4 class=\"sp-table-caption\">SpG FSV Dippoldiswalde \/ TSV Reinhardtsgrimma<\/h4>\n\t\t<div class=\"sp-table-wrapper\">\n\t\t<table class=\"sp-event-performance sp-data-table\n\t\t\">\n\t\t\t<thead>\n\t\t\t\t<tr>\n\t\t\t\t\t\t\t\t\t<\/tr>\n\t\t\t<\/thead>\n\t\t\t\t\t\t\t<tbody>\n\t\t\t\t\t<tr class=\"lineup odd\"><td class=\"data-number\" data-label=\"#\">1<\/td><td class=\"data-name\" data-label=\"Spieler\"><a href=\"https:\/\/www.fsv-dippoldiswalde.de\/de\/player\/nick-urban\/\">Nick Urban<\/a> <small class=\"sp-player-position\">Torwart<\/small><\/td><td class=\"sp-performance-icons\"><i class=\"sp-icon-card\" title=\"Gelbe Karten\" style=\"color:#f4d014 !important\"><\/i> 85'<br><\/td><\/tr><tr class=\"lineup even\"><td class=\"data-number\" data-label=\"#\">3<\/td><td class=\"data-name\" data-label=\"Spieler\"><a href=\"https:\/\/www.fsv-dippoldiswalde.de\/de\/player\/claas-ukena\/\">Claas Ukena<\/a> <span class=\"sub-in\" title=\"Martin Brauch\">15<\/span> <small class=\"sp-player-position\">Defensive<\/small><\/td><td class=\"sp-performance-icons\"><\/td><\/tr><tr class=\"lineup odd\"><td class=\"data-number\" data-label=\"#\">10<\/td><td class=\"data-name\" data-label=\"Spieler\"><a href=\"https:\/\/www.fsv-dippoldiswalde.de\/de\/player\/max-cubeus\/\">Max Cub\u00e9us<\/a> <small class=\"sp-player-position\">Defensive<\/small><\/td><td class=\"sp-performance-icons\"><\/td><\/tr><tr class=\"lineup even\"><td class=\"data-number\" data-label=\"#\">2<\/td><td class=\"data-name\" data-label=\"Spieler\"><a href=\"https:\/\/www.fsv-dippoldiswalde.de\/de\/player\/matthias-walther\/\">Matthias Walther<\/a> <span class=\"sub-in\" title=\"Erik Kaden\">9<\/span> <small class=\"sp-player-position\">Defensive<\/small><\/td><td class=\"sp-performance-icons\"><\/td><\/tr><tr class=\"lineup odd\"><td class=\"data-number\" data-label=\"#\">13<\/td><td class=\"data-name\" data-label=\"Spieler\"><a href=\"https:\/\/www.fsv-dippoldiswalde.de\/de\/player\/steven-mann\/\">Steven Mann<\/a> <small class=\"sp-player-position\">Defensive<\/small><\/td><td class=\"sp-performance-icons\"><\/td><\/tr><tr class=\"lineup even\"><td class=\"data-number\" data-label=\"#\">6<\/td><td class=\"data-name\" data-label=\"Spieler\"><a href=\"https:\/\/www.fsv-dippoldiswalde.de\/de\/player\/rene-siegfried\/\">Ren\u00e9 Siegfried<\/a> <small class=\"sp-player-position\">Mittelfeld<\/small><\/td><td class=\"sp-performance-icons\"><i class=\"sp-icon-soccerball\" title=\"Tore\" style=\"color:#111111 !important\"><\/i> 38'<br><\/td><\/tr><tr class=\"lineup odd\"><td class=\"data-number\" data-label=\"#\">5<\/td><td class=\"data-name\" data-label=\"Spieler\"><a href=\"https:\/\/www.fsv-dippoldiswalde.de\/de\/player\/stephan-salzmann\/\">Stephan Salzmann<\/a> <small class=\"sp-player-position\">Mittelfeld<\/small><\/td><td class=\"sp-performance-icons\"><\/td><\/tr><tr class=\"lineup even\"><td class=\"data-number\" data-label=\"#\">4<\/td><td class=\"data-name\" data-label=\"Spieler\"><a href=\"https:\/\/www.fsv-dippoldiswalde.de\/de\/player\/richard-seidlitz\/\">Richard Seidlitz<\/a> <small class=\"sp-player-position\">Mittelfeld<\/small><\/td><td class=\"sp-performance-icons\"><i class=\"sp-icon-soccerball\" title=\"Tore\" style=\"color:#111111 !important\"><\/i> 47'<br><i class=\"sp-icon-card\" title=\"Gelbe Karten\" style=\"color:#f4d014 !important\"><\/i> 45+1'<br><\/td><\/tr><tr class=\"lineup odd\"><td class=\"data-number\" data-label=\"#\">7<\/td><td class=\"data-name\" data-label=\"Spieler\"><a href=\"https:\/\/www.fsv-dippoldiswalde.de\/de\/player\/marcel-betz\/\">Marcel Betz<\/a> <span class=\"sub-in\" title=\"Johannes-Friedrich Th\u00fcmmel\">14<\/span> <small class=\"sp-player-position\">Mittelfeld<\/small><\/td><td class=\"sp-performance-icons\"><\/td><\/tr><tr class=\"lineup even\"><td class=\"data-number\" data-label=\"#\">8<\/td><td class=\"data-name\" data-label=\"Spieler\"><a href=\"https:\/\/www.fsv-dippoldiswalde.de\/de\/player\/marvin-kerndt\/\">Marvin Kerndt<\/a> <span class=\"sub-in\" title=\"Magnus Menzer\">12<\/span> <small class=\"sp-player-position\">Angriff<\/small><\/td><td class=\"sp-performance-icons\"><\/td><\/tr><tr class=\"lineup odd\"><td class=\"data-number\" data-label=\"#\">11<\/td><td class=\"data-name\" data-label=\"Spieler\"><a href=\"https:\/\/www.fsv-dippoldiswalde.de\/de\/player\/max-menzer\/\">Max Menzer<\/a> <small class=\"sp-player-position\">Angriff<\/small><\/td><td class=\"sp-performance-icons\"><i class=\"sp-icon-card\" title=\"Gelbe Karten\" style=\"color:#f4d014 !important\"><\/i> 67'<br><\/td><\/tr><tr class=\"sub even\"><td class=\"data-number\" data-label=\"#\"><\/td><td class=\"data-name\" data-label=\"Spieler\"><a href=\"https:\/\/www.fsv-dippoldiswalde.de\/de\/player\/ersatzbank\/\">ERSATZBANK<\/a><\/td><td class=\"sp-performance-icons\"><\/td><\/tr><tr class=\"sub odd\"><td class=\"data-number\" data-label=\"#\">9<\/td><td class=\"data-name\" data-label=\"Spieler\"><a href=\"https:\/\/www.fsv-dippoldiswalde.de\/de\/player\/erik-kaden\/\">Erik Kaden<\/a> <span class=\"sub-out\" title=\"Matthias Walther\">2<\/span> <small class=\"sp-player-position\">Mittelfeld<\/small><\/td><td class=\"sp-performance-icons\"><i class=\"sp-icon-soccerball\" title=\"Tore\" style=\"color:#111111 !important\"><\/i> 88'<br><\/td><\/tr><tr class=\"sub even\"><td class=\"data-number\" data-label=\"#\">12<\/td><td class=\"data-name\" data-label=\"Spieler\"><a href=\"https:\/\/www.fsv-dippoldiswalde.de\/de\/player\/magnus-menzer\/\">Magnus Menzer<\/a> <span class=\"sub-out\" title=\"Marvin Kerndt\">8<\/span> <small class=\"sp-player-position\">Mittelfeld<\/small><\/td><td class=\"sp-performance-icons\"><i class=\"sp-icon-soccerball\" title=\"Tore\" style=\"color:#111111 !important\"><\/i> 76'<br><\/td><\/tr><tr class=\"sub odd\"><td class=\"data-number\" data-label=\"#\">14<\/td><td class=\"data-name\" data-label=\"Spieler\"><a href=\"https:\/\/www.fsv-dippoldiswalde.de\/de\/player\/johannes-friedrich-thuemmel\/\">Johannes-Friedrich Th\u00fcmmel<\/a> <span class=\"sub-out\" title=\"Marcel Betz\">7<\/span> <small class=\"sp-player-position\">Mittelfeld<\/small><\/td><td class=\"sp-performance-icons\"><i class=\"sp-icon-card\" title=\"Gelbe Karten\" style=\"color:#f4d014 !important\"><\/i> 88'<br><\/td><\/tr><tr class=\"sub even\"><td class=\"data-number\" data-label=\"#\">15<\/td><td class=\"data-name\" data-label=\"Spieler\"><a href=\"https:\/\/www.fsv-dippoldiswalde.de\/de\/player\/martin-brauch\/\">Martin Brauch<\/a> <span class=\"sub-out\" title=\"Claas Ukena\">3<\/span> <small class=\"sp-player-position\">Defensive<\/small><\/td><td class=\"sp-performance-icons\"><\/td><\/tr>\t\t\t\t<\/tbody>\n\t\t\t\t\t\t\t\t<\/table>\n\t\t\t<\/div>\n\t<\/div>\t\t<\/div><!-- .sp-event-performance-tables -->\n\t\t<\/div><div class=\"sp-tab-group\"><\/div><\/div>\n","protected":false},"excerpt":{"rendered":"","protected":false},"author":2,"featured_media":40739,"comment_status":"closed","ping_status":"open","sticky":false,"template":"","format":"standard","meta":{"ngg_post_thumbnail":0,"footnotes":"","_links_to":"","_links_to_target":""},"categories":[314],"tags":[],"class_list":["post-40737","post","type-post","status-publish","format-standard","has-post-thumbnail","hentry","category-1-maenner-2022-23"],"_links":{"self":[{"href":"https:\/\/www.fsv-dippoldiswalde.de\/de\/wp-json\/wp\/v2\/posts\/40737","targetHints":{"allow":["GET"]}}],"collection":[{"href":"https:\/\/www.fsv-dippoldiswalde.de\/de\/wp-json\/wp\/v2\/posts"}],"about":[{"href":"https:\/\/www.fsv-dippoldiswalde.de\/de\/wp-json\/wp\/v2\/types\/post"}],"author":[{"embeddable":true,"href":"https:\/\/www.fsv-dippoldiswalde.de\/de\/wp-json\/wp\/v2\/users\/2"}],"replies":[{"embeddable":true,"href":"https:\/\/www.fsv-dippoldiswalde.de\/de\/wp-json\/wp\/v2\/comments?post=40737"}],"version-history":[{"count":1,"href":"https:\/\/www.fsv-dippoldiswalde.de\/de\/wp-json\/wp\/v2\/posts\/40737\/revisions"}],"predecessor-version":[{"id":40740,"href":"https:\/\/www.fsv-dippoldiswalde.de\/de\/wp-json\/wp\/v2\/posts\/40737\/revisions\/40740"}],"wp:featuredmedia":[{"embeddable":true,"href":"https:\/\/www.fsv-dippoldiswalde.de\/de\/wp-json\/wp\/v2\/media\/40739"}],"wp:attachment":[{"href":"https:\/\/www.fsv-dippoldiswalde.de\/de\/wp-json\/wp\/v2\/media?parent=40737"}],"wp:term":[{"taxonomy":"category","embeddable":true,"href":"https:\/\/www.fsv-dippoldiswalde.de\/de\/wp-json\/wp\/v2\/categories?post=40737"},{"taxonomy":"post_tag","embeddable":true,"href":"https:\/\/www.fsv-dippoldiswalde.de\/de\/wp-json\/wp\/v2\/tags?post=40737"}],"curies":[{"name":"wp","href":"https:\/\/api.w.org\/{rel}","templated":true}]}}