{"id":40690,"date":"2023-06-13T21:35:28","date_gmt":"2023-06-13T19:35:28","guid":{"rendered":"https:\/\/www.fsv-dippoldiswalde.de\/de\/?p=40690"},"modified":"2023-06-18T11:06:02","modified_gmt":"2023-06-18T09:06:02","slug":"sommerfest-der-vereine-2023","status":"publish","type":"post","link":"https:\/\/www.fsv-dippoldiswalde.de\/de\/sommerfest-der-vereine-2023\/","title":{"rendered":"Sommerfest der Vereine 2023"},"content":{"rendered":"<p>Am kommenden Samstag, den 17.06.2023, findet wieder das allj\u00e4hrliche SOMMERFEST DER VEREINE im Clemens-Holzschuh-Hain statt. Nat\u00fcrlich sind auch wir wieder mit am Start. In diesem Jahr m\u00f6chten unsere Trainer der &#8220;kleinsten&#8221; Kicker unseres Vereins die aktuelle Spielform &#8220;Funino&#8221; pr\u00e4sentieren. Kommt vorbei und zeigt Euer K\u00f6nnen in der Zeit von 10.\u00b0\u00b0 &#8211; 16.\u00b0\u00b0 Uhr.<\/p>\n<p>Ab 18.\u00b0\u00b0 Uhr pr\u00e4sentieren unsere Freunde des Dippser Faschingsvereins die Sommerparty 2023.<\/p>\n<p style=\"text-align: center;\">&nbsp;<\/p>\n<p style=\"text-align: center;\"><iframe title=\"YouTube video player\" src=\"https:\/\/www.youtube.com\/embed\/ZC9VOiIz1MY\" width=\"560\" height=\"315\" frameborder=\"0\" allowfullscreen=\"allowfullscreen\"><\/iframe><\/p>\n<table style=\"border-collapse: collapse; width: 100%;\">\n<tbody>\n<tr>\n<td style=\"width: 50%;\"><img fetchpriority=\"high\" decoding=\"async\" class=\"aligncenter wp-image-40692 size-large\" src=\"https:\/\/www.fsv-dippoldiswalde.de\/de\/wp-content\/uploads\/2023\/06\/A4-Flyer-Vereinsmeile_2023-724x1024.jpg\" alt=\"\" width=\"724\" height=\"1024\" srcset=\"https:\/\/www.fsv-dippoldiswalde.de\/de\/wp-content\/uploads\/2023\/06\/A4-Flyer-Vereinsmeile_2023-724x1024.jpg 724w, https:\/\/www.fsv-dippoldiswalde.de\/de\/wp-content\/uploads\/2023\/06\/A4-Flyer-Vereinsmeile_2023-212x300.jpg 212w, https:\/\/www.fsv-dippoldiswalde.de\/de\/wp-content\/uploads\/2023\/06\/A4-Flyer-Vereinsmeile_2023-768x1086.jpg 768w, https:\/\/www.fsv-dippoldiswalde.de\/de\/wp-content\/uploads\/2023\/06\/A4-Flyer-Vereinsmeile_2023-1086x1536.jpg 1086w, https:\/\/www.fsv-dippoldiswalde.de\/de\/wp-content\/uploads\/2023\/06\/A4-Flyer-Vereinsmeile_2023-1448x2048.jpg 1448w, https:\/\/www.fsv-dippoldiswalde.de\/de\/wp-content\/uploads\/2023\/06\/A4-Flyer-Vereinsmeile_2023-91x128.jpg 91w, https:\/\/www.fsv-dippoldiswalde.de\/de\/wp-content\/uploads\/2023\/06\/A4-Flyer-Vereinsmeile_2023-23x32.jpg 23w, https:\/\/www.fsv-dippoldiswalde.de\/de\/wp-content\/uploads\/2023\/06\/A4-Flyer-Vereinsmeile_2023-1320x1867.jpg 1320w, https:\/\/www.fsv-dippoldiswalde.de\/de\/wp-content\/uploads\/2023\/06\/A4-Flyer-Vereinsmeile_2023-scaled.jpg 1810w\" sizes=\"(max-width: 724px) 100vw, 724px\" \/><\/p>\n<\/td>\n<td style=\"width: 50%;\"><a href=\"https:\/\/www.fsv-dippoldiswalde.de\/de\/wp-content\/uploads\/2023\/06\/flyer-Fasching-Sommerparty-2023.jpg\"><img decoding=\"async\" class=\"aligncenter wp-image-40693 \" src=\"https:\/\/www.fsv-dippoldiswalde.de\/de\/wp-content\/uploads\/2023\/06\/flyer-Fasching-Sommerparty-2023-728x1024.jpg\" alt=\"\" width=\"670\" height=\"942\" srcset=\"https:\/\/www.fsv-dippoldiswalde.de\/de\/wp-content\/uploads\/2023\/06\/flyer-Fasching-Sommerparty-2023-728x1024.jpg 728w, https:\/\/www.fsv-dippoldiswalde.de\/de\/wp-content\/uploads\/2023\/06\/flyer-Fasching-Sommerparty-2023-213x300.jpg 213w, https:\/\/www.fsv-dippoldiswalde.de\/de\/wp-content\/uploads\/2023\/06\/flyer-Fasching-Sommerparty-2023-768x1080.jpg 768w, https:\/\/www.fsv-dippoldiswalde.de\/de\/wp-content\/uploads\/2023\/06\/flyer-Fasching-Sommerparty-2023-91x128.jpg 91w, https:\/\/www.fsv-dippoldiswalde.de\/de\/wp-content\/uploads\/2023\/06\/flyer-Fasching-Sommerparty-2023-23x32.jpg 23w, https:\/\/www.fsv-dippoldiswalde.de\/de\/wp-content\/uploads\/2023\/06\/flyer-Fasching-Sommerparty-2023.jpg 782w\" sizes=\"(max-width: 670px) 100vw, 670px\" \/><\/a><\/td>\n<\/tr>\n<\/tbody>\n<\/table>\n<p>&nbsp;<\/p>\n","protected":false},"excerpt":{"rendered":"<p>Am kommenden Samstag, den 17.06.2023, findet wieder das allj\u00e4hrliche SOMMERFEST DER VEREINE im Clemens-Holzschuh-Hain statt. Nat\u00fcrlich sind auch wir wieder&#46;&#46;&#46;<\/p>\n","protected":false},"author":2,"featured_media":40694,"comment_status":"closed","ping_status":"open","sticky":false,"template":"","format":"standard","meta":{"ngg_post_thumbnail":0,"footnotes":"","_links_to":"","_links_to_target":""},"categories":[1,318],"tags":[],"class_list":["post-40690","post","type-post","status-publish","format-standard","has-post-thumbnail","hentry","category-allgemein","category-vorschau-2022-23"],"_links":{"self":[{"href":"https:\/\/www.fsv-dippoldiswalde.de\/de\/wp-json\/wp\/v2\/posts\/40690","targetHints":{"allow":["GET"]}}],"collection":[{"href":"https:\/\/www.fsv-dippoldiswalde.de\/de\/wp-json\/wp\/v2\/posts"}],"about":[{"href":"https:\/\/www.fsv-dippoldiswalde.de\/de\/wp-json\/wp\/v2\/types\/post"}],"author":[{"embeddable":true,"href":"https:\/\/www.fsv-dippoldiswalde.de\/de\/wp-json\/wp\/v2\/users\/2"}],"replies":[{"embeddable":true,"href":"https:\/\/www.fsv-dippoldiswalde.de\/de\/wp-json\/wp\/v2\/comments?post=40690"}],"version-history":[{"count":3,"href":"https:\/\/www.fsv-dippoldiswalde.de\/de\/wp-json\/wp\/v2\/posts\/40690\/revisions"}],"predecessor-version":[{"id":40697,"href":"https:\/\/www.fsv-dippoldiswalde.de\/de\/wp-json\/wp\/v2\/posts\/40690\/revisions\/40697"}],"wp:featuredmedia":[{"embeddable":true,"href":"https:\/\/www.fsv-dippoldiswalde.de\/de\/wp-json\/wp\/v2\/media\/40694"}],"wp:attachment":[{"href":"https:\/\/www.fsv-dippoldiswalde.de\/de\/wp-json\/wp\/v2\/media?parent=40690"}],"wp:term":[{"taxonomy":"category","embeddable":true,"href":"https:\/\/www.fsv-dippoldiswalde.de\/de\/wp-json\/wp\/v2\/categories?post=40690"},{"taxonomy":"post_tag","embeddable":true,"href":"https:\/\/www.fsv-dippoldiswalde.de\/de\/wp-json\/wp\/v2\/tags?post=40690"}],"curies":[{"name":"wp","href":"https:\/\/api.w.org\/{rel}","templated":true}]}}