{"id":40666,"date":"2023-06-04T13:40:55","date_gmt":"2023-06-04T11:40:55","guid":{"rendered":"https:\/\/www.fsv-dippoldiswalde.de\/de\/?p=40666"},"modified":"2023-06-04T13:40:55","modified_gmt":"2023-06-04T11:40:55","slug":"03-06-23-spg-lohmen-wehlen-spg-1-maenner-2-2-10","status":"publish","type":"post","link":"https:\/\/www.fsv-dippoldiswalde.de\/de\/03-06-23-spg-lohmen-wehlen-spg-1-maenner-2-2-10\/","title":{"rendered":"03.06.23 SpG Lohmen \/ Wehlen \u2013 SpG 1. M\u00e4nner 2 : 2 (1:0)"},"content":{"rendered":"<div class=\"sportspress\"><div class=\"sp-section-content sp-section-content-logos\"><div class=\"sp-template sp-template-event-logos sp-template-event-logos-inline\"><div class=\"sp-event-logos sp-event-logos-2\"><span class=\"sp-team-logo\"><img decoding=\"async\" width=\"128\" height=\"128\" src=\"https:\/\/www.fsv-dippoldiswalde.de\/de\/wp-content\/uploads\/2021\/08\/SpG-Wehlen_Lohmen-128x128.jpg\" class=\"attachment-sportspress-fit-icon size-sportspress-fit-icon wp-post-image\" alt=\"\" \/><\/span> \u2013 <span class=\"sp-team-logo\"><img decoding=\"async\" width=\"128\" height=\"82\" src=\"https:\/\/www.fsv-dippoldiswalde.de\/de\/wp-content\/uploads\/2021\/08\/SpG-FSV_TSV_ab-2021_100x100px-128x82.jpg\" class=\"attachment-sportspress-fit-icon size-sportspress-fit-icon wp-post-image\" alt=\"\" \/><\/span><\/div><\/div><\/div><div class=\"sp-section-content sp-section-content-content\"><p><a class=\"ngg-fancybox\" title=\" \" href=\"https:\/\/www.fsv-dippoldiswalde.de\/de\/wp-content\/gallery\/1-maenner-25-spieltag-22_23\/04.06.2023-IMG_5447-Saison-2022_23.jpg\" rel=\"\" data-image-id=\"15063\" data-src=\"https:\/\/www.fsv-dippoldiswalde.de\/de\/wp-content\/gallery\/1-maenner-25-spieltag-22_23\/04.06.2023-IMG_5447-Saison-2022_23.jpg\" data-thumbnail=\"https:\/\/www.fsv-dippoldiswalde.de\/de\/wp-content\/gallery\/1-maenner-25-spieltag-22_23\/thumbs\/thumbs_04.06.2023-IMG_5447-Saison-2022_23.jpg\" data-title=\"04.06.2023-IMG_5447-Saison-2022_23\" data-description=\" \"><img decoding=\"async\" class=\"ngg-singlepic ngg-none alignleft\" src=\"https:\/\/www.fsv-dippoldiswalde.de\/de\/wp-content\/gallery\/1-maenner-25-spieltag-22_23\/thumbs\/thumbs_04.06.2023-IMG_5447-Saison-2022_23.jpg\" alt=\"04.06.2023-IMG_5447-Saison-2022_23\" \/><\/a><strong>Unentschieden in Lohmen<\/strong><br aria-hidden=\"true\" \/><br \/>\n<br aria-hidden=\"true\" \/><br \/>\nNach der Trainingsfreien Woche und der bitteren Niederlage gegen Seifersdorf ging es zur Tagesreise nach Lohmen. Wir waren aufgrund von Sperren\/Urlauben oder \u00e4hnlichen durchaus anspruchsvoll besetzt.<\/p>\n<p>&nbsp;<\/p>\n<p>&nbsp;<\/p>\n<p><a href=\"https:\/\/www.fsv-dippoldiswalde.de\/de\/bildergallerie\/bilder-1-manner\/nggallery\/album-1-maenner-22_23\/1-maenner-25-spieltag-22_23\"><em>&#8211;&gt; Bilder<\/em><\/a><\/p>\n<p><a href=\"https:\/\/www.fussball.de\/spiel\/spg-lohmen-wehlen-spg-fsv-dippoldiswalde-tsv-reinhardtsgrimma\/-\/spiel\/02IQ4C42F0000000VS5489B3VUDHAAN1#!\/\" target=\"_blank\" rel=\"noopener\"><em>&#8211;&gt; zum Spiel<\/em><\/a><\/p>\n<p>&nbsp;<\/p>\n<p>Auch dieses Mal unterst\u00fctzen uns zwei Jungs, mit Clemens Bellmann und Georg Richter, aus der A-Jugend.&nbsp; So wie der KSVO diese Woche entschied, k\u00f6nnte es vielleicht doch noch einen Absteiger aus der Kreisliga A geben. Nun ist die Lage klar. Nicht letzter werden\u2026 Und so gingen wir ins Spiel. Jedoch war die erste Halbzeit mit Abstand in letzter Zeit einer der Schw\u00e4chsten. Wir hatten keinen Zugriff, extrem schnelle Ballverluste und Chancen waren, au\u00dfer nach einer Ecke v on Erik Kaden und den Kopfball durch Max Cubeus leider Mangelware. Durch einen Ballverlust im Spielaufbau und dem schnellen Umschaltspiel der Gegner stand es 0:1 aus unserer Sicht. Nicht unverdient. So ging es in die Pause. Hier wurde klar angesprochen, das die L\u00f6sung heute nicht Fu\u00dfballerisch sein kann, sondern wir dreckigen Fussball, mit langen Flanken, unsere L\u00f6sung sein muss. Wir kamen gut rein in H\u00e4lfte zwei und hatten nun auch deutlich mehr vom Spiel. Leider scheiterte Marcel Betz, nach einem starken Solo, am Tormann. Direkt im Umkehrspiel verloren wir erneut den Ball beim Aufbau. Wieder schaltete der Gegner schneller und brachte den Ball zum 0:2 ins Tor unter. Nun hatten wir nichts mehr zu verlieren und stellten auf 3 Kette und schoben Marco Fleischer mit nach vorn. Dieses erwies sich als durchaus Effektiv. Zun\u00e4chst wurde Marco Fleischer unsanft im 16er umgesto\u00dfen. Den f\u00e4lligen Elfmeter verwandelte Max Cubeus humorlos zum 2:1 Anschlu\u00dftreffer. Kurze Zeit sp\u00e4ter stellte er nach einem starken Pass von Mathias Walther seinen K\u00f6rper clever rein und flankte Flach auf Max Cubeus in der Mitte, der damit seinen Doppelpack machte. Dies war dann auch der Endstand. Toll zur\u00fcck gek\u00e4mpft und den Punkt geholt.<br aria-hidden=\"true\" \/><br \/>\n<br aria-hidden=\"true\" \/><br \/>\nFazit: Tolles Deb\u00fct f\u00fcr die zwei Jungs aus der Jugend, die einen sehr guten Eindruck hinterlie\u00dfen. Nun haben wir eine Woche Pause, um die Mannschaft aus Pirna in Grimme zu Empfangen. Im Anschluss kommt die Mannschaft auf H\u00f6ckendorf zu uns.<br aria-hidden=\"true\" \/><br \/>\nWir haben nun 2 Endspiele vor der Brust.&nbsp; Mit der Entwicklung (ausser gestrige erste Halbzeit) bin ich durchaus guter Dinge, die zwei Spiele siegreich zu gestalten.<\/p>\n<\/div><div class=\"sp-section-content sp-section-content-details\"><div class=\"sp-template sp-template-event-details\">\n\t<h4 class=\"sp-table-caption\">Details<\/h4>\n\t<div class=\"sp-table-wrapper\">\n\t\t<table class=\"sp-event-details sp-data-table\n\t\t\t\t\t sp-scrollable-table\">\n\t\t\t<thead>\n\t\t\t\t<tr>\n\t\t\t\t\t\t\t\t\t\t\t<th>Datum<\/th>\n\t\t\t\t\t\t\t\t\t\t\t\t<th>Zeit<\/th>\n\t\t\t\t\t\t\t\t\t\t\t\t<th>Liga<\/th>\n\t\t\t\t\t\t\t\t\t\t\t\t<th>Saison<\/th>\n\t\t\t\t\t\t\t\t\t\t\t\t<th>Spieltag<\/th>\n\t\t\t\t\t\t\t\t\t\t<\/tr>\n\t\t\t<\/thead>\n\t\t\t<tbody>\n\t\t\t\t<tr class=\"odd\">\n\t\t\t\t\t\t\t\t\t\t\t<td>3. Juni 2023<\/td>\n\t\t\t\t\t\t\t\t\t\t\t\t<td>15:00<\/td>\n\t\t\t\t\t\t\t\t\t\t\t\t<td>Kreisliga A<\/td>\n\t\t\t\t\t\t\t\t\t\t\t\t<td>2022\/23<\/td>\n\t\t\t\t\t\t\t\t\t\t\t\t<td>25.<\/td>\n\t\t\t\t\t\t\t\t\t\t<\/tr>\n\t\t\t<\/tbody>\n\t\t<\/table>\n\t<\/div>\n<\/div>\n<\/div><div class=\"sp-section-content sp-section-content-results\"><div class=\"sp-template sp-template-event-results\">\n\t<h4 class=\"sp-table-caption\">Ergebnis<\/h4><div class=\"sp-table-wrapper\"><table class=\"sp-event-results sp-data-table sp-scrollable-table\"><thead><th class=\"data-name\">Verein<\/th><th class=\"data-onehalbzeit\">1.Halbzeit<\/th><th class=\"data-endstand\">Endstand<\/th><th class=\"data-outcome\">Endstand<\/th><\/tr><\/thead><tbody><tr class=\"odd\"><td class=\"data-name\">SpG Wehlen \/\u200b Lohmen<\/td><td class=\"data-onehalbzeit\">1<\/td><td class=\"data-endstand\">2<\/td><td class=\"data-outcome\">Sieg<\/td><\/tr><tr class=\"even\"><td class=\"data-name\">SpG FSV Dippoldiswalde \/ TSV Reinhardtsgrimma<\/td><td class=\"data-onehalbzeit\">0<\/td><td class=\"data-endstand\">2<\/td><td class=\"data-outcome\">Verloren<\/td><\/tr><\/tbody><\/table><\/div><\/div>\n<\/div><div class=\"sp-section-content sp-section-content-performance\">\t\t<div class=\"sp-event-performance-tables sp-event-performance-teams\">\n\t\t\t<div class=\"sp-template sp-template-event-performance sp-template-event-performance-icons\t\t\t\t\t\t\t\t\t\t\t\t\t\t\t\t\t\t\t\t\t\t\t   \">\n\t\t\t<h4 class=\"sp-table-caption\">SpG FSV Dippoldiswalde \/ TSV Reinhardtsgrimma<\/h4>\n\t\t<div class=\"sp-table-wrapper\">\n\t\t<table class=\"sp-event-performance sp-data-table\n\t\t\">\n\t\t\t<thead>\n\t\t\t\t<tr>\n\t\t\t\t\t\t\t\t\t<\/tr>\n\t\t\t<\/thead>\n\t\t\t\t\t\t\t<tbody>\n\t\t\t\t\t<tr class=\"lineup even\"><td class=\"data-number\" data-label=\"#\">1<\/td><td class=\"data-name\" data-label=\"Spieler\"><a href=\"https:\/\/www.fsv-dippoldiswalde.de\/de\/player\/nick-urban\/\">Nick Urban<\/a> <small class=\"sp-player-position\">Torwart<\/small><\/td><td class=\"sp-performance-icons\"><\/td><\/tr><tr class=\"lineup odd\"><td class=\"data-number\" data-label=\"#\">17<\/td><td class=\"data-name\" data-label=\"Spieler\"><a href=\"https:\/\/www.fsv-dippoldiswalde.de\/de\/player\/claas-ukena\/\">Claas Ukena<\/a> <small class=\"sp-player-position\">Defensive<\/small><\/td><td class=\"sp-performance-icons\"><\/td><\/tr><tr class=\"lineup even\"><td class=\"data-number\" data-label=\"#\">2<\/td><td class=\"data-name\" data-label=\"Spieler\"><a href=\"https:\/\/www.fsv-dippoldiswalde.de\/de\/player\/matthias-walther\/\">Matthias Walther<\/a> <small class=\"sp-player-position\">Defensive<\/small><\/td><td class=\"sp-performance-icons\"><\/td><\/tr><tr class=\"lineup odd\"><td class=\"data-number\" data-label=\"#\">10<\/td><td class=\"data-name\" data-label=\"Spieler\"><a href=\"https:\/\/www.fsv-dippoldiswalde.de\/de\/player\/marco-fleischer\/\">Marco Fleischer<\/a> <small class=\"sp-player-position\">Defensive<\/small><\/td><td class=\"sp-performance-icons\"><\/td><\/tr><tr class=\"lineup even\"><td class=\"data-number\" data-label=\"#\">13<\/td><td class=\"data-name\" data-label=\"Spieler\"><a href=\"https:\/\/www.fsv-dippoldiswalde.de\/de\/player\/steven-mann\/\">Steven Mann<\/a> <small class=\"sp-player-position\">Defensive<\/small><\/td><td class=\"sp-performance-icons\"><\/td><\/tr><tr class=\"lineup odd\"><td class=\"data-number\" data-label=\"#\">9<\/td><td class=\"data-name\" data-label=\"Spieler\"><a href=\"https:\/\/www.fsv-dippoldiswalde.de\/de\/player\/erik-kaden\/\">Erik Kaden<\/a> <span class=\"sub-in\" title=\"Georg Richter\">7<\/span> <small class=\"sp-player-position\">Mittelfeld<\/small><\/td><td class=\"sp-performance-icons\"><\/td><\/tr><tr class=\"lineup even\"><td class=\"data-number\" data-label=\"#\">14<\/td><td class=\"data-name\" data-label=\"Spieler\"><a href=\"https:\/\/www.fsv-dippoldiswalde.de\/de\/player\/marco-niebylski\/\">Marco Niebylski<\/a> <small class=\"sp-player-position\">Mittelfeld<\/small><\/td><td class=\"sp-performance-icons\"><\/td><\/tr><tr class=\"lineup odd\"><td class=\"data-number\" data-label=\"#\">6<\/td><td class=\"data-name\" data-label=\"Spieler\"><a href=\"https:\/\/www.fsv-dippoldiswalde.de\/de\/player\/stephan-salzmann\/\">Stephan Salzmann<\/a> <small class=\"sp-player-position\">Mittelfeld<\/small><\/td><td class=\"sp-performance-icons\"><\/td><\/tr><tr class=\"lineup even\"><td class=\"data-number\" data-label=\"#\">18<\/td><td class=\"data-name\" data-label=\"Spieler\"><a href=\"https:\/\/www.fsv-dippoldiswalde.de\/de\/player\/johannes-friedrich-thuemmel\/\">Johannes-Friedrich Th\u00fcmmel<\/a> <span class=\"sub-in\" title=\"Clemens Bellmann\">16<\/span> <small class=\"sp-player-position\">Mittelfeld<\/small><\/td><td class=\"sp-performance-icons\"><\/td><\/tr><tr class=\"lineup odd\"><td class=\"data-number\" data-label=\"#\">19<\/td><td class=\"data-name\" data-label=\"Spieler\"><a href=\"https:\/\/www.fsv-dippoldiswalde.de\/de\/player\/max-cubeus\/\">Max Cub\u00e9us<\/a> <small class=\"sp-player-position\">Angriff<\/small><\/td><td class=\"sp-performance-icons\"><i class=\"sp-icon-soccerball\" title=\"Tore\" style=\"color:#111111 !important\"><\/i> 68', 82'<br><\/td><\/tr><tr class=\"lineup even\"><td class=\"data-number\" data-label=\"#\">20<\/td><td class=\"data-name\" data-label=\"Spieler\"><a href=\"https:\/\/www.fsv-dippoldiswalde.de\/de\/player\/marcel-betz\/\">Marcel Betz<\/a> <small class=\"sp-player-position\">Angriff<\/small><\/td><td class=\"sp-performance-icons\"><\/td><\/tr><tr class=\"sub odd\"><td class=\"data-number\" data-label=\"#\"><\/td><td class=\"data-name\" data-label=\"Spieler\"><a href=\"https:\/\/www.fsv-dippoldiswalde.de\/de\/player\/ersatzbank\/\">ERSATZBANK<\/a><\/td><td class=\"sp-performance-icons\"><\/td><\/tr><tr class=\"sub even\"><td class=\"data-number\" data-label=\"#\">22<\/td><td class=\"data-name\" data-label=\"Spieler\"><a href=\"https:\/\/www.fsv-dippoldiswalde.de\/de\/player\/thomas-schoen\/\">Thomas Sch\u00f6n<\/a> <small class=\"sp-player-position\">Torwart<\/small><\/td><td class=\"sp-performance-icons\"><\/td><\/tr><tr class=\"sub odd\"><td class=\"data-number\" data-label=\"#\">7<\/td><td class=\"data-name\" data-label=\"Spieler\"><a href=\"https:\/\/www.fsv-dippoldiswalde.de\/de\/player\/georg-richter\/\">Georg Richter<\/a> <span class=\"sub-out\" title=\"Erik Kaden\">9<\/span> <small class=\"sp-player-position\">Defensive<\/small><\/td><td class=\"sp-performance-icons\"><\/td><\/tr><tr class=\"sub even\"><td class=\"data-number\" data-label=\"#\">8<\/td><td class=\"data-name\" data-label=\"Spieler\"><a href=\"https:\/\/www.fsv-dippoldiswalde.de\/de\/player\/eric-klanthe\/\">Eric Klanthe<\/a> <small class=\"sp-player-position\">Mittelfeld<\/small><\/td><td class=\"sp-performance-icons\"><\/td><\/tr><tr class=\"sub odd\"><td class=\"data-number\" data-label=\"#\">16<\/td><td class=\"data-name\" data-label=\"Spieler\"><a href=\"https:\/\/www.fsv-dippoldiswalde.de\/de\/player\/clemens-bellmann\/\">Clemens Bellmann<\/a> <span class=\"sub-out\" title=\"Johannes-Friedrich Th\u00fcmmel\">18<\/span> <small class=\"sp-player-position\">Defensive<\/small><\/td><td class=\"sp-performance-icons\"><\/td><\/tr>\t\t\t\t<\/tbody>\n\t\t\t\t\t\t\t\t<\/table>\n\t\t\t<\/div>\n\t<\/div>\t\t<\/div><!-- .sp-event-performance-tables -->\n\t\t<\/div><div class=\"sp-tab-group\"><\/div><\/div>\n","protected":false},"excerpt":{"rendered":"","protected":false},"author":2,"featured_media":40668,"comment_status":"closed","ping_status":"open","sticky":false,"template":"","format":"standard","meta":{"ngg_post_thumbnail":0,"footnotes":"","_links_to":"","_links_to_target":""},"categories":[314],"tags":[],"class_list":["post-40666","post","type-post","status-publish","format-standard","has-post-thumbnail","hentry","category-1-maenner-2022-23"],"_links":{"self":[{"href":"https:\/\/www.fsv-dippoldiswalde.de\/de\/wp-json\/wp\/v2\/posts\/40666","targetHints":{"allow":["GET"]}}],"collection":[{"href":"https:\/\/www.fsv-dippoldiswalde.de\/de\/wp-json\/wp\/v2\/posts"}],"about":[{"href":"https:\/\/www.fsv-dippoldiswalde.de\/de\/wp-json\/wp\/v2\/types\/post"}],"author":[{"embeddable":true,"href":"https:\/\/www.fsv-dippoldiswalde.de\/de\/wp-json\/wp\/v2\/users\/2"}],"replies":[{"embeddable":true,"href":"https:\/\/www.fsv-dippoldiswalde.de\/de\/wp-json\/wp\/v2\/comments?post=40666"}],"version-history":[{"count":1,"href":"https:\/\/www.fsv-dippoldiswalde.de\/de\/wp-json\/wp\/v2\/posts\/40666\/revisions"}],"predecessor-version":[{"id":40669,"href":"https:\/\/www.fsv-dippoldiswalde.de\/de\/wp-json\/wp\/v2\/posts\/40666\/revisions\/40669"}],"wp:featuredmedia":[{"embeddable":true,"href":"https:\/\/www.fsv-dippoldiswalde.de\/de\/wp-json\/wp\/v2\/media\/40668"}],"wp:attachment":[{"href":"https:\/\/www.fsv-dippoldiswalde.de\/de\/wp-json\/wp\/v2\/media?parent=40666"}],"wp:term":[{"taxonomy":"category","embeddable":true,"href":"https:\/\/www.fsv-dippoldiswalde.de\/de\/wp-json\/wp\/v2\/categories?post=40666"},{"taxonomy":"post_tag","embeddable":true,"href":"https:\/\/www.fsv-dippoldiswalde.de\/de\/wp-json\/wp\/v2\/tags?post=40666"}],"curies":[{"name":"wp","href":"https:\/\/api.w.org\/{rel}","templated":true}]}}