{"id":40349,"date":"2023-05-14T10:53:13","date_gmt":"2023-05-14T08:53:13","guid":{"rendered":"https:\/\/www.fsv-dippoldiswalde.de\/de\/?p=40349"},"modified":"2023-05-15T11:54:00","modified_gmt":"2023-05-15T09:54:00","slug":"14-05-23-rueckblick-mitgliederversammlung-2023","status":"publish","type":"post","link":"https:\/\/www.fsv-dippoldiswalde.de\/de\/14-05-23-rueckblick-mitgliederversammlung-2023\/","title":{"rendered":"14.05.23 R\u00fcckblick Mitgliederversammlung  2023"},"content":{"rendered":"<p class=\"MsoNormal\" style=\"margin:0cm0cm0.0001pt; font-size:11pt; font-family:Calibri,sans-serif; color:rgb(33,33,33); font-style:normal; font-variant-ligatures:normal; font-variant-caps:normal; font-weight:400; letter-spacing:normal; orphans:2text-indent:0px; text-transform:none; white-space:normal; widows:2; word-spacing:0px; -webkit-text-stroke-width:0px; text-decoration-thickness:initial; text-decoration-style:initial; text-decoration-color:initial; text-align:left;\">Sehr geehrte Mitglieder des FSV Dippoldiswalde e.V.,<\/p>\n<p class=\"MsoNormal\" style=\"margin:0cm0cm0.0001pt; font-size:11pt; font-family:Calibri,sans-serif; color:rgb(33,33,33); font-style:normal; font-variant-ligatures:normal; font-variant-caps:normal; font-weight:400; letter-spacing:normal; orphans:2text-indent:0px; text-transform:none; white-space:normal; widows:2; word-spacing:0px; -webkit-text-stroke-width:0px; text-decoration-thickness:initial; text-decoration-style:initial; text-decoration-color:initial; text-align:left;\"><span style=\"color:inherit!important; background-color:inherit!important;\"><span style=\"color:inherit!important; background-color:inherit!important;\">am Freitag, den<span> <\/span><a href=\"tel:+495052023\" style=\"color: rgb(5, 99, 193); text-decoration: underline;\">05.05.2023<\/a>,<span> <\/span>erfolgten unsere j\u00e4hrliche Mitgliederversammlung.<\/span><\/span><\/p>\n<p class=\"MsoNormal\" style=\"margin:0cm0cm0.0001pt; font-size:11pt; font-family:Calibri,sans-serif; color:rgb(33,33,33); font-style:normal; font-variant-ligatures:normal; font-variant-caps:normal; font-weight:400; letter-spacing:normal; orphans:2text-indent:0px; text-transform:none; white-space:normal; widows:2; word-spacing:0px; -webkit-text-stroke-width:0px; text-decoration-thickness:initial; text-decoration-style:initial; text-decoration-color:initial; text-align:left;\">Ich m\u00f6chte mich im Namen des Vorstandes nochmals f\u00fcr eure geleistete Vereinsarbeit im letzten Jahr recht herzlich bedanken.<\/p>\n<p class=\"MsoNormal\" style=\"margin:0cm0cm0.0001pt; font-size:11pt; font-family:Calibri,sans-serif; color:rgb(33,33,33); font-style:normal; font-variant-ligatures:normal; font-variant-caps:normal; font-weight:400; letter-spacing:normal; orphans:2text-indent:0px; text-transform:none; white-space:normal; widows:2; word-spacing:0px; -webkit-text-stroke-width:0px; text-decoration-thickness:initial; text-decoration-style:initial; text-decoration-color:initial; text-align:left;\">Dies ist heutzutage nicht mehr selbstverst\u00e4ndlich, einen so tollen ehrenamtlichen Einsatz, egal in welchem Bereich, f\u00fcr unseren Verein zu erbringen.<\/p>\n<p class=\"MsoNormal\" style=\"margin:0cm0cm0.0001pt; font-size:11pt; font-family:Calibri,sans-serif; color:rgb(33,33,33); font-style:normal; font-variant-ligatures:normal; font-variant-caps:normal; font-weight:400; letter-spacing:normal; orphans:2text-indent:0px; text-transform:none; white-space:normal; widows:2; word-spacing:0px; -webkit-text-stroke-width:0px; text-decoration-thickness:initial; text-decoration-style:initial; text-decoration-color:initial; text-align:left;\">Weiterhin bedanken wir uns nat\u00fcrlich auch f\u00fcr das Vertrauen, den Verein gemeinsam mit Andr\u00e9 Kempe und Mirko Gietzelt f\u00fcr die n\u00e4chsten 2 Jahre als Vorstand f\u00fchren zu d\u00fcrfen. Wir hoffen nat\u00fcrlich bald wieder auf Nachwuchs in den Bereichen Jugendleiter, \u00d6ffentlichkeitsarbeit, Marketing, Zeugwart und der allg. Vorstandsarbeit, um eine gewisse Qualit\u00e4t in unseren Reihen aufrecht zu erhalten.<\/p>\n<p class=\"MsoNormal\" style=\"margin:0cm0cm0.0001pt; font-size:11pt; font-family:Calibri,sans-serif; color:rgb(33,33,33); font-style:normal; font-variant-ligatures:normal; font-variant-caps:normal; font-weight:400; letter-spacing:normal; orphans:2text-indent:0px; text-transform:none; white-space:normal; widows:2; word-spacing:0px; -webkit-text-stroke-width:0px; text-decoration-thickness:initial; text-decoration-style:initial; text-decoration-color:initial; text-align:left;\">Nun schauen wir erstmal mit Vorfreude auf unser Jubil\u00e4umsfest \u201e33 FSV Dippoldiswalde e.V.&#8221; und hoffen auf rege Teilnahme.<\/p>\n<p class=\"MsoNormal\" style=\"margin:0cm0cm0.0001pt; font-size:11pt; font-family:Calibri,sans-serif; color:rgb(33,33,33); font-style:normal; font-variant-ligatures:normal; font-variant-caps:normal; font-weight:400; letter-spacing:normal; orphans:2text-indent:0px; text-transform:none; white-space:normal; widows:2; word-spacing:0px; -webkit-text-stroke-width:0px; text-decoration-thickness:initial; text-decoration-style:initial; text-decoration-color:initial; text-align:left;\">Vielen Dank und bis demn\u00e4chst<\/p>\n<p class=\"MsoNormal\" style=\"margin:0cm0cm0.0001pt; font-size:11pt; font-family:Calibri,sans-serif; color:rgb(33,33,33); font-style:normal; font-variant-ligatures:normal; font-variant-caps:normal; font-weight:400; letter-spacing:normal; orphans:2text-indent:0px; text-transform:none; white-space:normal; widows:2; word-spacing:0px; -webkit-text-stroke-width:0px; text-decoration-thickness:initial; text-decoration-style:initial; text-decoration-color:initial; text-align:left;\"><span style=\"font-size:12pt; line-height:1.5;\">Tom Weber<\/span><\/p>\n<p class=\"MsoNormal\" style=\"margin:0cm0cm0.0001pt; font-size:11pt; font-family:Calibri,sans-serif; color:rgb(33,33,33); font-style:normal; font-variant-ligatures:normal; font-variant-caps:normal; font-weight:400; letter-spacing:normal; orphans:2text-indent:0px; text-transform:none; white-space:normal; widows:2; word-spacing:0px; -webkit-text-stroke-width:0px; text-decoration-thickness:initial; text-decoration-style:initial; text-decoration-color:initial; text-align:left;\"><span style=\"font-size:12pt; line-height:1.5;\">Vorstandsvorsitzender<\/span><\/p>\n","protected":false},"excerpt":{"rendered":"<p>Sehr geehrte Mitglieder des FSV Dippoldiswalde e.V., am Freitag, den 05.05.2023, erfolgten unsere j\u00e4hrliche Mitgliederversammlung. Ich m\u00f6chte mich im Namen&#46;&#46;&#46;<\/p>\n","protected":false},"author":2,"featured_media":36975,"comment_status":"closed","ping_status":"open","sticky":false,"template":"","format":"standard","meta":{"ngg_post_thumbnail":0,"footnotes":"","_links_to":"","_links_to_target":""},"categories":[1],"tags":[],"class_list":["post-40349","post","type-post","status-publish","format-standard","has-post-thumbnail","hentry","category-allgemein"],"_links":{"self":[{"href":"https:\/\/www.fsv-dippoldiswalde.de\/de\/wp-json\/wp\/v2\/posts\/40349","targetHints":{"allow":["GET"]}}],"collection":[{"href":"https:\/\/www.fsv-dippoldiswalde.de\/de\/wp-json\/wp\/v2\/posts"}],"about":[{"href":"https:\/\/www.fsv-dippoldiswalde.de\/de\/wp-json\/wp\/v2\/types\/post"}],"author":[{"embeddable":true,"href":"https:\/\/www.fsv-dippoldiswalde.de\/de\/wp-json\/wp\/v2\/users\/2"}],"replies":[{"embeddable":true,"href":"https:\/\/www.fsv-dippoldiswalde.de\/de\/wp-json\/wp\/v2\/comments?post=40349"}],"version-history":[{"count":2,"href":"https:\/\/www.fsv-dippoldiswalde.de\/de\/wp-json\/wp\/v2\/posts\/40349\/revisions"}],"predecessor-version":[{"id":40352,"href":"https:\/\/www.fsv-dippoldiswalde.de\/de\/wp-json\/wp\/v2\/posts\/40349\/revisions\/40352"}],"wp:featuredmedia":[{"embeddable":true,"href":"https:\/\/www.fsv-dippoldiswalde.de\/de\/wp-json\/wp\/v2\/media\/36975"}],"wp:attachment":[{"href":"https:\/\/www.fsv-dippoldiswalde.de\/de\/wp-json\/wp\/v2\/media?parent=40349"}],"wp:term":[{"taxonomy":"category","embeddable":true,"href":"https:\/\/www.fsv-dippoldiswalde.de\/de\/wp-json\/wp\/v2\/categories?post=40349"},{"taxonomy":"post_tag","embeddable":true,"href":"https:\/\/www.fsv-dippoldiswalde.de\/de\/wp-json\/wp\/v2\/tags?post=40349"}],"curies":[{"name":"wp","href":"https:\/\/api.w.org\/{rel}","templated":true}]}}