{"id":40006,"date":"2023-04-14T20:18:43","date_gmt":"2023-04-14T18:18:43","guid":{"rendered":"https:\/\/www.fsv-dippoldiswalde.de\/de\/?p=40006"},"modified":"2023-06-27T17:19:51","modified_gmt":"2023-06-27T15:19:51","slug":"33-jahre-fsv-dippoldiswalde-e-v-vereinsfest","status":"publish","type":"post","link":"https:\/\/www.fsv-dippoldiswalde.de\/de\/33-jahre-fsv-dippoldiswalde-e-v-vereinsfest\/","title":{"rendered":"33-Jahre FSV Dippoldiswalde e.V. Vereinsfest"},"content":{"rendered":"<div class=\"\" data-block=\"true\" data-editor=\"cj4qm\" data-offset-key=\"46msg-0-0\">\n<div data-offset-key=\"46msg-0-0\">Fr,14.04.2023<\/div>\n<div data-offset-key=\"46msg-0-0\">&nbsp;<\/div>\n<div class=\"_1mf _1mj\" data-offset-key=\"46msg-0-0\"><span data-offset-key=\"46msg-0-0\">Hallo liebe Mitglieder, Eltern, Fans und Sympathisanten des FSV Dippoldiswalde e.V.,<\/span><\/div>\n<\/div>\n<div class=\"\" data-block=\"true\" data-editor=\"cj4qm\" data-offset-key=\"7biin-0-0\">\n<div class=\"_1mf _1mj\" data-offset-key=\"7biin-0-0\"><span data-offset-key=\"7biin-0-0\">wir m\u00f6chten in genau 10 Wochen, vom 23.-25.06.2023, unser 33-Jahre FSV Dippoldiswalde-Vereinsfest geb\u00fchrend im Sportpark Dippoldiswalde mit Euch feiern. <\/span><\/div>\n<\/div>\n<div class=\"\" data-block=\"true\" data-editor=\"cj4qm\" data-offset-key=\"6t044-0-0\">\n<div class=\"_1mf _1mj\" data-offset-key=\"6t044-0-0\"><span data-offset-key=\"6t044-0-0\">&nbsp;<\/span><\/div>\n<\/div>\n<div class=\"\" data-block=\"true\" data-editor=\"cj4qm\" data-offset-key=\"1afta-0-0\">\n<div class=\"_1mf _1mj\" data-offset-key=\"1afta-0-0\"><span data-offset-key=\"1afta-0-0\">Den Startschuss setzt unsere A-Jugend mit einer Partie gegen die Sportfreunde von der SG Motor Trachenberge. <\/span><\/div>\n<\/div>\n<div class=\"\" data-block=\"true\" data-editor=\"cj4qm\" data-offset-key=\"e0lin-0-0\">\n<div class=\"_1mf _1mj\" data-offset-key=\"e0lin-0-0\"><span data-offset-key=\"e0lin-0-0\">Danach lassen wir den Abend bei einen Vereinsabend mit allen Mitgliedern ausklingen.<\/span><\/div>\n<\/div>\n<div class=\"\" data-block=\"true\" data-editor=\"cj4qm\" data-offset-key=\"dmpuk-0-0\">\n<div class=\"_1mf _1mj\" data-offset-key=\"dmpuk-0-0\"><span data-offset-key=\"dmpuk-0-0\">&nbsp;<\/span><\/div>\n<\/div>\n<div class=\"\" data-block=\"true\" data-editor=\"cj4qm\" data-offset-key=\"7k702-0-0\">\n<div class=\"_1mf _1mj\" data-offset-key=\"7k702-0-0\"><span data-offset-key=\"7k702-0-0\">Lasst uns zum &#8220;WARMMACHEN&#8221; an dem Freitag, zum Spiel der A-Jugend, schon mal den Sportpark mit Eltern und Fans f\u00fcllen!!! Denn am Samstag soll es der ABSOLUTE KRACHER werden&#8230;Seit gespannt&#8230;Fortsetzung kommt morgen&#x1f601;&#x1f44c;&#x1f609;<\/span><\/div>\n<div data-offset-key=\"7k702-0-0\">&nbsp;<\/div>\n<div data-offset-key=\"7k702-0-0\"><a href=\"https:\/\/www.fsv-dippoldiswalde.de\/de\/wp-content\/uploads\/2020\/04\/social_Flyer_33JahreFSV_Freitag.jpg\"><img fetchpriority=\"high\" decoding=\"async\" class=\"aligncenter wp-image-40005 size-medium\" src=\"https:\/\/www.fsv-dippoldiswalde.de\/de\/wp-content\/uploads\/2020\/04\/social_Flyer_33JahreFSV_Freitag-211x300.jpg\" alt=\"\" width=\"211\" height=\"300\" srcset=\"https:\/\/www.fsv-dippoldiswalde.de\/de\/wp-content\/uploads\/2020\/04\/social_Flyer_33JahreFSV_Freitag-211x300.jpg 211w, https:\/\/www.fsv-dippoldiswalde.de\/de\/wp-content\/uploads\/2020\/04\/social_Flyer_33JahreFSV_Freitag-722x1024.jpg 722w, https:\/\/www.fsv-dippoldiswalde.de\/de\/wp-content\/uploads\/2020\/04\/social_Flyer_33JahreFSV_Freitag-768x1090.jpg 768w, https:\/\/www.fsv-dippoldiswalde.de\/de\/wp-content\/uploads\/2020\/04\/social_Flyer_33JahreFSV_Freitag-1083x1536.jpg 1083w, https:\/\/www.fsv-dippoldiswalde.de\/de\/wp-content\/uploads\/2020\/04\/social_Flyer_33JahreFSV_Freitag-1444x2048.jpg 1444w, https:\/\/www.fsv-dippoldiswalde.de\/de\/wp-content\/uploads\/2020\/04\/social_Flyer_33JahreFSV_Freitag-90x128.jpg 90w, https:\/\/www.fsv-dippoldiswalde.de\/de\/wp-content\/uploads\/2020\/04\/social_Flyer_33JahreFSV_Freitag-23x32.jpg 23w, https:\/\/www.fsv-dippoldiswalde.de\/de\/wp-content\/uploads\/2020\/04\/social_Flyer_33JahreFSV_Freitag-1320x1873.jpg 1320w, https:\/\/www.fsv-dippoldiswalde.de\/de\/wp-content\/uploads\/2020\/04\/social_Flyer_33JahreFSV_Freitag.jpg 1748w\" sizes=\"(max-width: 211px) 100vw, 211px\" \/><\/a><\/div>\n<div data-offset-key=\"7k702-0-0\">\n<div class=\"\" data-block=\"true\" data-editor=\"3h0i7\" data-offset-key=\"2998k-0-0\">\n<div data-offset-key=\"2998k-0-0\">&nbsp;<\/div>\n<div data-offset-key=\"2998k-0-0\">&nbsp;<\/div>\n<div data-offset-key=\"2998k-0-0\">Sa, 15.04.2023<\/div>\n<div class=\"_1mf _1mj\" data-offset-key=\"2998k-0-0\"><span data-offset-key=\"2998k-0-0\">+++ Fortsetzung +++<\/span><\/div>\n<\/div>\n<div class=\"\" data-block=\"true\" data-editor=\"3h0i7\" data-offset-key=\"6o8os-0-0\">\n<div class=\"_1mf _1mj\" data-offset-key=\"6o8os-0-0\"><span data-offset-key=\"6o8os-0-0\">AM SAMSTAG WIRD\u00b4S WILD!!!<\/span><\/div>\n<\/div>\n<div class=\"\" data-block=\"true\" data-editor=\"3h0i7\" data-offset-key=\"8h1lf-0-0\">\n<div class=\"_1mf _1mj\" data-offset-key=\"8h1lf-0-0\"><span data-offset-key=\"8h1lf-0-0\">&nbsp;<\/span><\/div>\n<\/div>\n<div class=\"\" data-block=\"true\" data-editor=\"3h0i7\" data-offset-key=\"2k3g9-0-0\">\n<div class=\"_1mf _1mj\" data-offset-key=\"2k3g9-0-0\"><span data-offset-key=\"2k3g9-0-0\">Nach dem Fr\u00fchst\u00fcck starten unsere Jungs der D-Jugend, 11\u00b0\u00b0 Uhr, das sportliche Programm mit einem Freundschaftsspiel gegen die Jungs des Dorfhainer Sportvereins. <\/span><\/div>\n<\/div>\n<div class=\"\" data-block=\"true\" data-editor=\"3h0i7\" data-offset-key=\"7qd59-0-0\">\n<div class=\"_1mf _1mj\" data-offset-key=\"7qd59-0-0\"><span data-offset-key=\"7qd59-0-0\">&nbsp;<\/span><\/div>\n<\/div>\n<div class=\"\" data-block=\"true\" data-editor=\"3h0i7\" data-offset-key=\"6kkr0-0-0\">\n<div class=\"_1mf _1mj\" data-offset-key=\"6kkr0-0-0\"><span data-offset-key=\"6kkr0-0-0\">13\u00b0\u00b0 Uhr gibt dann Dieter Riedel, seines Zeichens Ehrenspielf\u00fchrer der SG Dynamo Dresden mit der Dynamo Traditionself seine Visitenkarte im Dippser Sportpark ab. Die Dresdner fordern unser Altherren Team heraus.<\/span><\/div>\n<\/div>\n<div class=\"\" data-block=\"true\" data-editor=\"3h0i7\" data-offset-key=\"2cp00-0-0\">\n<div class=\"_1mf _1mj\" data-offset-key=\"2cp00-0-0\"><span data-offset-key=\"2cp00-0-0\">&#x1f525;&#x1f525;&#x1f499;&#x1f49b;vs&#x1f5a4;&#x1f49b;&#x1f525;&#x1f525;<\/span><\/div>\n<\/div>\n<div class=\"\" data-block=\"true\" data-editor=\"3h0i7\" data-offset-key=\"fhf3d-0-0\">\n<div class=\"_1mf _1mj\" data-offset-key=\"fhf3d-0-0\"><span data-offset-key=\"fhf3d-0-0\">&nbsp;<\/span><\/div>\n<\/div>\n<div class=\"\" data-block=\"true\" data-editor=\"3h0i7\" data-offset-key=\"bbelg-0-0\">\n<div class=\"_1mf _1mj\" data-offset-key=\"bbelg-0-0\"><span data-offset-key=\"bbelg-0-0\">Nach diesem Leckerbissen wartet dann noch ein waschechtes Derby auf die Dippser und ihre Fans. Zum letzten Punktspiel der Saison kreuzt die Spielgemeinschaft mit dem H\u00f6ckendorfer FV ihre Klingen und will das sportliche Programm des Tages geb\u00fchrend abschlie\u00dfen.&#x1f525;&#x1f973;&#x26bd;<\/span><\/div>\n<\/div>\n<div class=\"\" data-block=\"true\" data-editor=\"3h0i7\" data-offset-key=\"d29g-0-0\">\n<div class=\"_1mf _1mj\" data-offset-key=\"d29g-0-0\"><span data-offset-key=\"d29g-0-0\">&nbsp;<\/span><\/div>\n<\/div>\n<div class=\"\" data-block=\"true\" data-editor=\"3h0i7\" data-offset-key=\"e147g-0-0\">\n<div class=\"_1mf _1mj\" data-offset-key=\"e147g-0-0\"><span data-offset-key=\"e147g-0-0\">Am Abend wollen wir dann mit allen Mitgliedern, Sponsoren und weiteren geladenen G\u00e4sten, im Festzelt, die letzten 33 Jahre noch einmal Revue passieren lassen und diese 33 Jahre geb\u00fchrend feiern.&#x1f973;&#x1f37b;<\/span><\/div>\n<\/div>\n<div class=\"\" data-block=\"true\" data-editor=\"3h0i7\" data-offset-key=\"8ddie-0-0\">\n<div class=\"_1mf _1mj\" data-offset-key=\"8ddie-0-0\"><span data-offset-key=\"8ddie-0-0\">&nbsp;<\/span><\/div>\n<\/div>\n<div class=\"\" data-block=\"true\" data-editor=\"3h0i7\" data-offset-key=\"e7365-0-0\">\n<div class=\"_1mf _1mj\" data-offset-key=\"e7365-0-0\"><span data-offset-key=\"e7365-0-0\">Der Sonntag wird &#8220;kunterbunt&#8221;&#8230; <\/span><\/div>\n<\/div>\n<div class=\"\" data-block=\"true\" data-editor=\"3h0i7\" data-offset-key=\"bjpmf-0-0\">\n<div class=\"_1mf _1mj\" data-offset-key=\"bjpmf-0-0\"><span data-offset-key=\"bjpmf-0-0\">Fortsetzung folgt morgen &#x1f609;<\/span><\/div>\n<div data-offset-key=\"bjpmf-0-0\"><a href=\"https:\/\/www.fsv-dippoldiswalde.de\/de\/wp-content\/uploads\/2020\/04\/social_Flyer_33JahreFSV_Samstag.jpg\"><img decoding=\"async\" class=\"aligncenter size-medium wp-image-40014\" src=\"https:\/\/www.fsv-dippoldiswalde.de\/de\/wp-content\/uploads\/2020\/04\/social_Flyer_33JahreFSV_Samstag-211x300.jpg\" alt=\"\" width=\"211\" height=\"300\" srcset=\"https:\/\/www.fsv-dippoldiswalde.de\/de\/wp-content\/uploads\/2020\/04\/social_Flyer_33JahreFSV_Samstag-211x300.jpg 211w, https:\/\/www.fsv-dippoldiswalde.de\/de\/wp-content\/uploads\/2020\/04\/social_Flyer_33JahreFSV_Samstag-722x1024.jpg 722w, https:\/\/www.fsv-dippoldiswalde.de\/de\/wp-content\/uploads\/2020\/04\/social_Flyer_33JahreFSV_Samstag-768x1090.jpg 768w, https:\/\/www.fsv-dippoldiswalde.de\/de\/wp-content\/uploads\/2020\/04\/social_Flyer_33JahreFSV_Samstag-1083x1536.jpg 1083w, https:\/\/www.fsv-dippoldiswalde.de\/de\/wp-content\/uploads\/2020\/04\/social_Flyer_33JahreFSV_Samstag-1444x2048.jpg 1444w, https:\/\/www.fsv-dippoldiswalde.de\/de\/wp-content\/uploads\/2020\/04\/social_Flyer_33JahreFSV_Samstag-90x128.jpg 90w, https:\/\/www.fsv-dippoldiswalde.de\/de\/wp-content\/uploads\/2020\/04\/social_Flyer_33JahreFSV_Samstag-23x32.jpg 23w, https:\/\/www.fsv-dippoldiswalde.de\/de\/wp-content\/uploads\/2020\/04\/social_Flyer_33JahreFSV_Samstag-1320x1873.jpg 1320w, https:\/\/www.fsv-dippoldiswalde.de\/de\/wp-content\/uploads\/2020\/04\/social_Flyer_33JahreFSV_Samstag.jpg 1748w\" sizes=\"(max-width: 211px) 100vw, 211px\" \/><\/a><\/div>\n<\/div>\n<div data-offset-key=\"bjpmf-0-0\">&nbsp;<\/div>\n<div data-offset-key=\"bjpmf-0-0\">So, 16.04.2023<\/div>\n<div data-offset-key=\"bjpmf-0-0\">\n<div class=\"\" data-block=\"true\" data-editor=\"26rab\" data-offset-key=\"a338p-0-0\">\n<div class=\"_1mf _1mj\" data-offset-key=\"a338p-0-0\"><span data-offset-key=\"a338p-0-0\">+++Fortsetzung+++<\/span><\/div>\n<\/div>\n<div class=\"\" data-block=\"true\" data-editor=\"26rab\" data-offset-key=\"d7hbq-0-0\">\n<div class=\"_1mf _1mj\" data-offset-key=\"d7hbq-0-0\"><span data-offset-key=\"d7hbq-0-0\">Der Sonntag soll KUNTERBUND werden, da ja der Sonntag theoretisch Familientag ist, wird an diesem Tag ein gro\u00dfes &#8221; Dippser Familien Funino Turnier&#8221; stattfinden. Die Kinder der G- bis E-Jugend, zusammen mit ihren Familien, werden den gr\u00fcnen Kunstrasenplatz bis hinter jeden Halm f\u00fcllen. <\/span><\/div>\n<\/div>\n<div class=\"\" data-block=\"true\" data-editor=\"26rab\" data-offset-key=\"4ikfo-0-0\">\n<div class=\"_1mf _1mj\" data-offset-key=\"4ikfo-0-0\"><span data-offset-key=\"4ikfo-0-0\">&nbsp;<\/span><\/div>\n<\/div>\n<div class=\"\" data-block=\"true\" data-editor=\"26rab\" data-offset-key=\"er6sk-0-0\">\n<div class=\"_1mf _1mj\" data-offset-key=\"er6sk-0-0\"><span data-offset-key=\"er6sk-0-0\">Lasst uns zusammen dieses Vereinsfest zu einem unvergesslichen Wochenende machen&#x1f4aa;&#x1f499;&#x1f49b;&#x26bd;&#xfe0f;&#x1f973;<\/span><\/div>\n<div data-offset-key=\"er6sk-0-0\">&nbsp;<\/div>\n<div data-offset-key=\"er6sk-0-0\"><a href=\"https:\/\/www.fsv-dippoldiswalde.de\/de\/wp-content\/uploads\/2020\/04\/Flyer-A5-Entwurf_4_2_33-Jahre-FSV2023.jpg\"><img decoding=\"async\" class=\"aligncenter size-medium wp-image-40015\" src=\"https:\/\/www.fsv-dippoldiswalde.de\/de\/wp-content\/uploads\/2020\/04\/Flyer-A5-Entwurf_4_2_33-Jahre-FSV2023-211x300.jpg\" alt=\"\" width=\"211\" height=\"300\" srcset=\"https:\/\/www.fsv-dippoldiswalde.de\/de\/wp-content\/uploads\/2020\/04\/Flyer-A5-Entwurf_4_2_33-Jahre-FSV2023-211x300.jpg 211w, https:\/\/www.fsv-dippoldiswalde.de\/de\/wp-content\/uploads\/2020\/04\/Flyer-A5-Entwurf_4_2_33-Jahre-FSV2023-722x1024.jpg 722w, https:\/\/www.fsv-dippoldiswalde.de\/de\/wp-content\/uploads\/2020\/04\/Flyer-A5-Entwurf_4_2_33-Jahre-FSV2023-768x1090.jpg 768w, https:\/\/www.fsv-dippoldiswalde.de\/de\/wp-content\/uploads\/2020\/04\/Flyer-A5-Entwurf_4_2_33-Jahre-FSV2023-1083x1536.jpg 1083w, https:\/\/www.fsv-dippoldiswalde.de\/de\/wp-content\/uploads\/2020\/04\/Flyer-A5-Entwurf_4_2_33-Jahre-FSV2023-1444x2048.jpg 1444w, https:\/\/www.fsv-dippoldiswalde.de\/de\/wp-content\/uploads\/2020\/04\/Flyer-A5-Entwurf_4_2_33-Jahre-FSV2023-90x128.jpg 90w, https:\/\/www.fsv-dippoldiswalde.de\/de\/wp-content\/uploads\/2020\/04\/Flyer-A5-Entwurf_4_2_33-Jahre-FSV2023-23x32.jpg 23w, https:\/\/www.fsv-dippoldiswalde.de\/de\/wp-content\/uploads\/2020\/04\/Flyer-A5-Entwurf_4_2_33-Jahre-FSV2023-1320x1873.jpg 1320w, https:\/\/www.fsv-dippoldiswalde.de\/de\/wp-content\/uploads\/2020\/04\/Flyer-A5-Entwurf_4_2_33-Jahre-FSV2023.jpg 1748w\" sizes=\"(max-width: 211px) 100vw, 211px\" \/><\/a><\/div>\n<\/div>\n<div class=\"\" data-block=\"true\" data-editor=\"26rab\" data-offset-key=\"cmls4-0-0\">&nbsp;<\/div>\n<\/div>\n<\/div>\n<\/div>\n","protected":false},"excerpt":{"rendered":"<p>Fr,14.04.2023 &nbsp; Hallo liebe Mitglieder, Eltern, Fans und Sympathisanten des FSV Dippoldiswalde e.V., wir m\u00f6chten in genau 10 Wochen, vom&#46;&#46;&#46;<\/p>\n","protected":false},"author":2,"featured_media":40011,"comment_status":"closed","ping_status":"open","sticky":false,"template":"","format":"standard","meta":{"ngg_post_thumbnail":0,"footnotes":"","_links_to":"","_links_to_target":""},"categories":[1],"tags":[],"class_list":["post-40006","post","type-post","status-publish","format-standard","has-post-thumbnail","hentry","category-allgemein"],"_links":{"self":[{"href":"https:\/\/www.fsv-dippoldiswalde.de\/de\/wp-json\/wp\/v2\/posts\/40006","targetHints":{"allow":["GET"]}}],"collection":[{"href":"https:\/\/www.fsv-dippoldiswalde.de\/de\/wp-json\/wp\/v2\/posts"}],"about":[{"href":"https:\/\/www.fsv-dippoldiswalde.de\/de\/wp-json\/wp\/v2\/types\/post"}],"author":[{"embeddable":true,"href":"https:\/\/www.fsv-dippoldiswalde.de\/de\/wp-json\/wp\/v2\/users\/2"}],"replies":[{"embeddable":true,"href":"https:\/\/www.fsv-dippoldiswalde.de\/de\/wp-json\/wp\/v2\/comments?post=40006"}],"version-history":[{"count":4,"href":"https:\/\/www.fsv-dippoldiswalde.de\/de\/wp-json\/wp\/v2\/posts\/40006\/revisions"}],"predecessor-version":[{"id":40018,"href":"https:\/\/www.fsv-dippoldiswalde.de\/de\/wp-json\/wp\/v2\/posts\/40006\/revisions\/40018"}],"wp:featuredmedia":[{"embeddable":true,"href":"https:\/\/www.fsv-dippoldiswalde.de\/de\/wp-json\/wp\/v2\/media\/40011"}],"wp:attachment":[{"href":"https:\/\/www.fsv-dippoldiswalde.de\/de\/wp-json\/wp\/v2\/media?parent=40006"}],"wp:term":[{"taxonomy":"category","embeddable":true,"href":"https:\/\/www.fsv-dippoldiswalde.de\/de\/wp-json\/wp\/v2\/categories?post=40006"},{"taxonomy":"post_tag","embeddable":true,"href":"https:\/\/www.fsv-dippoldiswalde.de\/de\/wp-json\/wp\/v2\/tags?post=40006"}],"curies":[{"name":"wp","href":"https:\/\/api.w.org\/{rel}","templated":true}]}}