{"id":39823,"date":"2023-03-14T16:54:33","date_gmt":"2023-03-14T15:54:33","guid":{"rendered":"https:\/\/www.fsv-dippoldiswalde.de\/de\/?p=39823"},"modified":"2023-03-14T16:54:33","modified_gmt":"2023-03-14T15:54:33","slug":"12-03-23-spg-1-maenner-spg-lohmen-wehlen-3-1-11","status":"publish","type":"post","link":"https:\/\/www.fsv-dippoldiswalde.de\/de\/12-03-23-spg-1-maenner-spg-lohmen-wehlen-3-1-11\/","title":{"rendered":"12.03.23  SpG 1.M\u00e4nner \u2013 SpG Lohmen\/Wehlen 3 : 1 (1:1)"},"content":{"rendered":"<div class=\"sportspress\"><div class=\"sp-section-content sp-section-content-logos\"><div class=\"sp-template sp-template-event-logos sp-template-event-logos-inline\"><div class=\"sp-event-logos sp-event-logos-2\"><span class=\"sp-team-logo\"><img decoding=\"async\" width=\"128\" height=\"82\" src=\"https:\/\/www.fsv-dippoldiswalde.de\/de\/wp-content\/uploads\/2021\/08\/SpG-FSV_TSV_ab-2021_100x100px-128x82.jpg\" class=\"attachment-sportspress-fit-icon size-sportspress-fit-icon wp-post-image\" alt=\"\" \/><\/span> \u2013 <span class=\"sp-team-logo\"><img decoding=\"async\" width=\"128\" height=\"128\" src=\"https:\/\/www.fsv-dippoldiswalde.de\/de\/wp-content\/uploads\/2021\/08\/SpG-Wehlen_Lohmen-128x128.jpg\" class=\"attachment-sportspress-fit-icon size-sportspress-fit-icon wp-post-image\" alt=\"\" \/><\/span><\/div><\/div><\/div><div class=\"sp-section-content sp-section-content-content\"><p><a class=\"ngg-fancybox\" title=\" \" href=\"https:\/\/www.fsv-dippoldiswalde.de\/de\/wp-content\/gallery\/1-maenner-16-spieltag-22_23\/14.03.2023-IMG_1832-Saison-2022_23.jpg\" rel=\"\" data-image-id=\"14457\" data-src=\"https:\/\/www.fsv-dippoldiswalde.de\/de\/wp-content\/gallery\/1-maenner-16-spieltag-22_23\/14.03.2023-IMG_1832-Saison-2022_23.jpg\" data-thumbnail=\"https:\/\/www.fsv-dippoldiswalde.de\/de\/wp-content\/gallery\/1-maenner-16-spieltag-22_23\/thumbs\/thumbs_14.03.2023-IMG_1832-Saison-2022_23.jpg\" data-title=\"14.03.2023-IMG_1832-Saison-2022_23\" data-description=\" \"><img decoding=\"async\" class=\"ngg-singlepic ngg-none alignleft\" src=\"https:\/\/www.fsv-dippoldiswalde.de\/de\/wp-content\/gallery\/1-maenner-16-spieltag-22_23\/thumbs\/thumbs_14.03.2023-IMG_1832-Saison-2022_23.jpg\" alt=\"14.03.2023-IMG_1832-Saison-2022_23\" \/><\/a><strong>Sieg gegen Lohmen.<\/strong><br aria-hidden=\"true\" \/><br \/>\n<br aria-hidden=\"true\" \/><br \/>\nNach einer spontanen und wichtigen Spielverlegung, aufgrund des gefrorenen Platzes in Dipps, machten wir uns auf die Reise zum Heim\/Ausw\u00e4rtsspiel nach Pirna-Copitz. Wir waren durchaus gut besetzt und hatten eine gute Trainingswoche hinter uns.<\/p>\n<p>&nbsp;<\/p>\n<p>&nbsp;<\/p>\n<p><a href=\"https:\/\/www.fsv-dippoldiswalde.de\/de\/bildergallerie\/bilder-1-manner\/nggallery\/album-1-maenner-22_23\/1-maenner-16-spieltag-22_23\"><em>&#8211;&gt; Bilder<\/em><\/a><\/p>\n<p><a href=\"https:\/\/www.fussball.de\/spiel\/spg-fsv-dippoldiswalde-tsv-reinhardtsgrimma-spg-lohmen-wehlen\/-\/spiel\/02IQ4C40O4000000VS5489B3VUDHAAN1#!\/\" target=\"_blank\" rel=\"noopener\"><em>&#8211;&gt; zum Spiel<\/em><\/a><\/p>\n<p>&nbsp;<\/p>\n<p>Wir begannen durchaus offensiv. Die Spielanteile waren zum Beginn aber ausgeglichen. Die erste gro\u00dfe Chance bekamen wir durch einen super Sololauf von Petrick Grahl und einer super Flanke vom Marvin Kerndt, auf den freistehenden Johannes Friedrich Th\u00fcmmel. Und dieser lies sich nicht zweimal bitten und schoss das nicht unverdiente 1:0. Leider brachte uns das nicht die erhoffte Sicherheit und so konnte der Gegner relativ schnell ausgleichen. Bis zur Halbzeit pl\u00e4tscherte es ein wenig dahin.<br aria-hidden=\"true\" \/><br \/>\nHalbzeit\u2026<br aria-hidden=\"true\" \/><br \/>\nAn Fehlern gab es nur zwei Punkte abzustellen. Dies setzen wir sofort um und erspielten uns nun zahlreiche Chancen. Leider fehlte das Qu\u00e4ntchen Gl\u00fcck. Auch wurde die Gangart nun ein wenig ruppiger. Aber wir hatten was im Team, was der Gegner nicht hatte. Und das war der Petrick Grahl. &#x1f602; Durch einen super Freistoss vom Steven Mann und dem starken Nachwurschteln vom Marco Fleischer gingen wir erneut in F\u00fchrung. Die letzten Minuten wurden nun etwas wild. Unser Tormann Erik hielt uns ein ums andere mal die F\u00fchrung fest. Und in der 94. Minute warf der Gegner alles nach vorn. Wir konnten aber den Ball gewinnen und spielten Marvin Kerndl an der Mittellinie an. Dieser konnte nicht mehr (Konditionell)&nbsp;und schoss das Tor des Monats von der Mittellinie.<br aria-hidden=\"true\" \/><br \/>\n<br aria-hidden=\"true\" \/><br \/>\nEnde\u2026.<br aria-hidden=\"true\" \/><br \/>\n<br aria-hidden=\"true\" \/><br \/>\nFazit: Verdienterma\u00dfen Sieg. Geil gek\u00e4mpft und das n\u00f6tige Spielgl\u00fcck gehabt. Jetzt hei\u00dft es die Spielfreie Zeit zum Training zu nutzen und genau dort weitermachen.<\/p>\n<p>&nbsp;<\/p>\n<p><em>Bericht: E.Klanthe<\/em><\/p>\n<\/div><div class=\"sp-section-content sp-section-content-details\"><div class=\"sp-template sp-template-event-details\">\n\t<h4 class=\"sp-table-caption\">Details<\/h4>\n\t<div class=\"sp-table-wrapper\">\n\t\t<table class=\"sp-event-details sp-data-table\n\t\t\t\t\t sp-scrollable-table\">\n\t\t\t<thead>\n\t\t\t\t<tr>\n\t\t\t\t\t\t\t\t\t\t\t<th>Datum<\/th>\n\t\t\t\t\t\t\t\t\t\t\t\t<th>Zeit<\/th>\n\t\t\t\t\t\t\t\t\t\t\t\t<th>Liga<\/th>\n\t\t\t\t\t\t\t\t\t\t\t\t<th>Saison<\/th>\n\t\t\t\t\t\t\t\t\t\t\t\t<th>Spieltag<\/th>\n\t\t\t\t\t\t\t\t\t\t<\/tr>\n\t\t\t<\/thead>\n\t\t\t<tbody>\n\t\t\t\t<tr class=\"odd\">\n\t\t\t\t\t\t\t\t\t\t\t<td>12. M\u00e4rz 2023<\/td>\n\t\t\t\t\t\t\t\t\t\t\t\t<td>15:00<\/td>\n\t\t\t\t\t\t\t\t\t\t\t\t<td>Kreisliga A<\/td>\n\t\t\t\t\t\t\t\t\t\t\t\t<td>2022\/23<\/td>\n\t\t\t\t\t\t\t\t\t\t\t\t<td>16.<\/td>\n\t\t\t\t\t\t\t\t\t\t<\/tr>\n\t\t\t<\/tbody>\n\t\t<\/table>\n\t<\/div>\n<\/div>\n<\/div><div class=\"sp-section-content sp-section-content-results\"><div class=\"sp-template sp-template-event-results\">\n\t<h4 class=\"sp-table-caption\">Ergebnis<\/h4><div class=\"sp-table-wrapper\"><table class=\"sp-event-results sp-data-table sp-scrollable-table\"><thead><th class=\"data-name\">Verein<\/th><th class=\"data-onehalbzeit\">1.Halbzeit<\/th><th class=\"data-endstand\">Endstand<\/th><th class=\"data-outcome\">Endstand<\/th><\/tr><\/thead><tbody><tr class=\"odd\"><td class=\"data-name\">SpG FSV Dippoldiswalde \/ TSV Reinhardtsgrimma<\/td><td class=\"data-onehalbzeit\">1<\/td><td class=\"data-endstand\">3<\/td><td class=\"data-outcome\">Unentschieden<\/td><\/tr><tr class=\"even\"><td class=\"data-name\">SpG Wehlen \/\u200b Lohmen<\/td><td class=\"data-onehalbzeit\">1<\/td><td class=\"data-endstand\">1<\/td><td class=\"data-outcome\">Unentschieden<\/td><\/tr><\/tbody><\/table><\/div><\/div>\n<\/div><div class=\"sp-section-content sp-section-content-performance\">\t\t<div class=\"sp-event-performance-tables sp-event-performance-teams\">\n\t\t\t<div class=\"sp-template sp-template-event-performance sp-template-event-performance-icons\t\t\t\t\t\t\t\t\t\t\t\t\t\t\t\t\t\t\t\t\t\t\t   \">\n\t\t\t<h4 class=\"sp-table-caption\">SpG FSV Dippoldiswalde \/ TSV Reinhardtsgrimma<\/h4>\n\t\t<div class=\"sp-table-wrapper\">\n\t\t<table class=\"sp-event-performance sp-data-table\n\t\t\">\n\t\t\t<thead>\n\t\t\t\t<tr>\n\t\t\t\t\t\t\t\t\t<\/tr>\n\t\t\t<\/thead>\n\t\t\t\t\t\t\t<tbody>\n\t\t\t\t\t<tr class=\"lineup even\"><td class=\"data-number\" data-label=\"#\">1<\/td><td class=\"data-name\" data-label=\"Spieler\"><a href=\"https:\/\/www.fsv-dippoldiswalde.de\/de\/player\/erik-kaden\/\">Erik Kaden<\/a> <small class=\"sp-player-position\">Torwart<\/small><\/td><td class=\"sp-performance-icons\"><\/td><\/tr><tr class=\"lineup odd\"><td class=\"data-number\" data-label=\"#\">2<\/td><td class=\"data-name\" data-label=\"Spieler\"><a href=\"https:\/\/www.fsv-dippoldiswalde.de\/de\/player\/matthias-walther\/\">Matthias Walther<\/a> <small class=\"sp-player-position\">Defensive<\/small><\/td><td class=\"sp-performance-icons\"><\/td><\/tr><tr class=\"lineup even\"><td class=\"data-number\" data-label=\"#\">10<\/td><td class=\"data-name\" data-label=\"Spieler\"><a href=\"https:\/\/www.fsv-dippoldiswalde.de\/de\/player\/marco-fleischer\/\">Marco Fleischer<\/a> <small class=\"sp-player-position\">Defensive<\/small><\/td><td class=\"sp-performance-icons\"><i class=\"sp-icon-soccerball\" title=\"Tore\" style=\"color:#111111 !important\"><\/i> 80'<br><i class=\"sp-icon-card\" title=\"Gelbe Karten\" style=\"color:#f4d014 !important\"><\/i> 52'<br><\/td><\/tr><tr class=\"lineup odd\"><td class=\"data-number\" data-label=\"#\">3<\/td><td class=\"data-name\" data-label=\"Spieler\"><a href=\"https:\/\/www.fsv-dippoldiswalde.de\/de\/player\/petrick-grahl\/\">Petrick Grahl<\/a> <small class=\"sp-player-position\">Defensive<\/small><\/td><td class=\"sp-performance-icons\"><\/td><\/tr><tr class=\"lineup even\"><td class=\"data-number\" data-label=\"#\">17<\/td><td class=\"data-name\" data-label=\"Spieler\"><a href=\"https:\/\/www.fsv-dippoldiswalde.de\/de\/player\/claas-ukena\/\">Claas Ukena<\/a> <small class=\"sp-player-position\">Defensive<\/small><\/td><td class=\"sp-performance-icons\"><\/td><\/tr><tr class=\"lineup odd\"><td class=\"data-number\" data-label=\"#\">18<\/td><td class=\"data-name\" data-label=\"Spieler\"><a href=\"https:\/\/www.fsv-dippoldiswalde.de\/de\/player\/johannes-friedrich-thuemmel\/\">Johannes-Friedrich Th\u00fcmmel<\/a> <span class=\"sub-in\" title=\"Hubertus Roderfeld\">9<\/span> <small class=\"sp-player-position\">Mittelfeld<\/small><\/td><td class=\"sp-performance-icons\"><i class=\"sp-icon-soccerball\" title=\"Tore\" style=\"color:#111111 !important\"><\/i> 24'<br><\/td><\/tr><tr class=\"lineup even\"><td class=\"data-number\" data-label=\"#\">13<\/td><td class=\"data-name\" data-label=\"Spieler\"><a href=\"https:\/\/www.fsv-dippoldiswalde.de\/de\/player\/steven-mann\/\">Steven Mann<\/a> <small class=\"sp-player-position\">Mittelfeld<\/small><\/td><td class=\"sp-performance-icons\"><\/td><\/tr><tr class=\"lineup odd\"><td class=\"data-number\" data-label=\"#\">7<\/td><td class=\"data-name\" data-label=\"Spieler\"><a href=\"https:\/\/www.fsv-dippoldiswalde.de\/de\/player\/maik-dietze\/\">Maik Dietze<\/a> <small class=\"sp-player-position\">Mittelfeld<\/small><\/td><td class=\"sp-performance-icons\"><\/td><\/tr><tr class=\"lineup even\"><td class=\"data-number\" data-label=\"#\">6<\/td><td class=\"data-name\" data-label=\"Spieler\"><a href=\"https:\/\/www.fsv-dippoldiswalde.de\/de\/player\/rene-siegfried\/\">Ren\u00e9 Siegfried<\/a> <span class=\"sub-in\" title=\"Martin Brauch\">15<\/span> <small class=\"sp-player-position\">Mittelfeld<\/small><\/td><td class=\"sp-performance-icons\"><\/td><\/tr><tr class=\"lineup odd\"><td class=\"data-number\" data-label=\"#\">8<\/td><td class=\"data-name\" data-label=\"Spieler\"><a href=\"https:\/\/www.fsv-dippoldiswalde.de\/de\/player\/marvin-kerndt\/\">Marvin Kerndt<\/a> <small class=\"sp-player-position\">Mittelfeld<\/small><\/td><td class=\"sp-performance-icons\"><i class=\"sp-icon-soccerball\" title=\"Tore\" style=\"color:#111111 !important\"><\/i> 93'<br><i class=\"sp-icon-card\" title=\"Gelbe Karten\" style=\"color:#f4d014 !important\"><\/i> 90'<br><\/td><\/tr><tr class=\"lineup even\"><td class=\"data-number\" data-label=\"#\">19<\/td><td class=\"data-name\" data-label=\"Spieler\"><a href=\"https:\/\/www.fsv-dippoldiswalde.de\/de\/player\/max-cubeus\/\">Max Cub\u00e9us<\/a> <small class=\"sp-player-position\">Angriff<\/small><\/td><td class=\"sp-performance-icons\"><\/td><\/tr><tr class=\"sub odd\"><td class=\"data-number\" data-label=\"#\"><\/td><td class=\"data-name\" data-label=\"Spieler\"><a href=\"https:\/\/www.fsv-dippoldiswalde.de\/de\/player\/ersatzbank\/\">ERSATZBANK<\/a><\/td><td class=\"sp-performance-icons\"><\/td><\/tr><tr class=\"sub even\"><td class=\"data-number\" data-label=\"#\">4<\/td><td class=\"data-name\" data-label=\"Spieler\"><a href=\"https:\/\/www.fsv-dippoldiswalde.de\/de\/player\/eric-klanthe\/\">Eric Klanthe<\/a> <small class=\"sp-player-position\">Mittelfeld<\/small><\/td><td class=\"sp-performance-icons\"><\/td><\/tr><tr class=\"sub odd\"><td class=\"data-number\" data-label=\"#\">9<\/td><td class=\"data-name\" data-label=\"Spieler\"><a href=\"https:\/\/www.fsv-dippoldiswalde.de\/de\/player\/hubertus-roderfeld\/\">Hubertus Roderfeld<\/a> <span class=\"sub-out\" title=\"Johannes-Friedrich Th\u00fcmmel\">18<\/span> <small class=\"sp-player-position\">Mittelfeld<\/small><\/td><td class=\"sp-performance-icons\"><\/td><\/tr><tr class=\"sub even\"><td class=\"data-number\" data-label=\"#\">15<\/td><td class=\"data-name\" data-label=\"Spieler\"><a href=\"https:\/\/www.fsv-dippoldiswalde.de\/de\/player\/martin-brauch\/\">Martin Brauch<\/a> <span class=\"sub-out\" title=\"Ren\u00e9 Siegfried\">6<\/span> <small class=\"sp-player-position\">Defensive<\/small><\/td><td class=\"sp-performance-icons\"><\/td><\/tr>\t\t\t\t<\/tbody>\n\t\t\t\t\t\t\t\t<\/table>\n\t\t\t<\/div>\n\t<\/div>\t\t<\/div><!-- .sp-event-performance-tables -->\n\t\t<\/div><div class=\"sp-tab-group\"><\/div><\/div>\n","protected":false},"excerpt":{"rendered":"","protected":false},"author":2,"featured_media":39826,"comment_status":"closed","ping_status":"open","sticky":false,"template":"","format":"standard","meta":{"ngg_post_thumbnail":0,"footnotes":"","_links_to":"","_links_to_target":""},"categories":[314],"tags":[],"class_list":["post-39823","post","type-post","status-publish","format-standard","has-post-thumbnail","hentry","category-1-maenner-2022-23"],"_links":{"self":[{"href":"https:\/\/www.fsv-dippoldiswalde.de\/de\/wp-json\/wp\/v2\/posts\/39823","targetHints":{"allow":["GET"]}}],"collection":[{"href":"https:\/\/www.fsv-dippoldiswalde.de\/de\/wp-json\/wp\/v2\/posts"}],"about":[{"href":"https:\/\/www.fsv-dippoldiswalde.de\/de\/wp-json\/wp\/v2\/types\/post"}],"author":[{"embeddable":true,"href":"https:\/\/www.fsv-dippoldiswalde.de\/de\/wp-json\/wp\/v2\/users\/2"}],"replies":[{"embeddable":true,"href":"https:\/\/www.fsv-dippoldiswalde.de\/de\/wp-json\/wp\/v2\/comments?post=39823"}],"version-history":[{"count":1,"href":"https:\/\/www.fsv-dippoldiswalde.de\/de\/wp-json\/wp\/v2\/posts\/39823\/revisions"}],"predecessor-version":[{"id":39827,"href":"https:\/\/www.fsv-dippoldiswalde.de\/de\/wp-json\/wp\/v2\/posts\/39823\/revisions\/39827"}],"wp:featuredmedia":[{"embeddable":true,"href":"https:\/\/www.fsv-dippoldiswalde.de\/de\/wp-json\/wp\/v2\/media\/39826"}],"wp:attachment":[{"href":"https:\/\/www.fsv-dippoldiswalde.de\/de\/wp-json\/wp\/v2\/media?parent=39823"}],"wp:term":[{"taxonomy":"category","embeddable":true,"href":"https:\/\/www.fsv-dippoldiswalde.de\/de\/wp-json\/wp\/v2\/categories?post=39823"},{"taxonomy":"post_tag","embeddable":true,"href":"https:\/\/www.fsv-dippoldiswalde.de\/de\/wp-json\/wp\/v2\/tags?post=39823"}],"curies":[{"name":"wp","href":"https:\/\/api.w.org\/{rel}","templated":true}]}}