{"id":39328,"date":"2022-11-16T18:13:51","date_gmt":"2022-11-16T17:13:51","guid":{"rendered":"https:\/\/www.fsv-dippoldiswalde.de\/de\/?p=39328"},"modified":"2022-11-16T18:14:05","modified_gmt":"2022-11-16T17:14:05","slug":"16-11-22-spg-1-maenner-sg-kesselsdorf-1-7-03-kreispokal-achtelfinale","status":"publish","type":"post","link":"https:\/\/www.fsv-dippoldiswalde.de\/de\/16-11-22-spg-1-maenner-sg-kesselsdorf-1-7-03-kreispokal-achtelfinale\/","title":{"rendered":"16.11.22 SpG 1. M\u00e4nner  \u2013  SG Kesselsdorf 1 : 7 (0:3)    Kreispokal Achtelfinale"},"content":{"rendered":"<div class=\"sportspress\"><div class=\"sp-section-content sp-section-content-logos\"><div class=\"sp-template sp-template-event-logos sp-template-event-logos-inline\"><div class=\"sp-event-logos sp-event-logos-2\"><span class=\"sp-team-logo\"><img decoding=\"async\" width=\"128\" height=\"82\" src=\"https:\/\/www.fsv-dippoldiswalde.de\/de\/wp-content\/uploads\/2021\/08\/SpG-FSV_TSV_ab-2021_100x100px-128x82.jpg\" class=\"attachment-sportspress-fit-icon size-sportspress-fit-icon wp-post-image\" alt=\"\" \/><\/span> \u2013 <span class=\"sp-team-logo\"><img decoding=\"async\" width=\"100\" height=\"100\" src=\"https:\/\/www.fsv-dippoldiswalde.de\/de\/wp-content\/uploads\/2018\/03\/sg_kesselsdorf.jpg\" class=\"attachment-sportspress-fit-icon size-sportspress-fit-icon wp-post-image\" alt=\"\" \/><\/span><\/div><\/div><\/div><div class=\"sp-section-content sp-section-content-content\"><p><strong><a class=\"ngg-fancybox\" title=\" \" href=\"https:\/\/www.fsv-dippoldiswalde.de\/de\/wp-content\/gallery\/1-maenner-achtelfinale-kreispokal-22_23\/16.11.2022-IMG_0592-Saison-2022_23.jpg\" rel=\"\" data-image-id=\"14213\" data-src=\"https:\/\/www.fsv-dippoldiswalde.de\/de\/wp-content\/gallery\/1-maenner-achtelfinale-kreispokal-22_23\/16.11.2022-IMG_0592-Saison-2022_23.jpg\" data-thumbnail=\"https:\/\/www.fsv-dippoldiswalde.de\/de\/wp-content\/gallery\/1-maenner-achtelfinale-kreispokal-22_23\/thumbs\/thumbs_16.11.2022-IMG_0592-Saison-2022_23.jpg\" data-title=\"16.11.2022-IMG_0592-Saison-2022_23\" data-description=\" \"><img decoding=\"async\" class=\"ngg-singlepic ngg-none alignleft\" src=\"https:\/\/www.fsv-dippoldiswalde.de\/de\/wp-content\/gallery\/1-maenner-achtelfinale-kreispokal-22_23\/thumbs\/thumbs_16.11.2022-IMG_0592-Saison-2022_23.jpg\" alt=\"16.11.2022-IMG_0592-Saison-2022_23\" \/><\/a>Pokal\u00fcberraschung blieb aus<\/strong><\/p>\n<p>Im heutigen Achtelfinalspiel im Kreispokal empfingen wir heute die SG Kesseldorf, die aktuell in der Kreisoberliga auf dem 3. Tabellenrang steht.<\/p>\n<p>&nbsp;<\/p>\n<p><a href=\"https:\/\/www.fsv-dippoldiswalde.de\/de\/bildergallerie\/bilder-1-manner\/nggallery\/album-1-maenner-22_23\/1-maenner-achtelfinale-kreispokal-22_23\"><em>&#8211;&gt; Bilder<\/em><\/a><\/p>\n<p><a href=\"https:\/\/www.fussball.de\/spiel\/spg-fsv-dippoldiswalde-tsv-reinhardtsgrimma-sg-kesselsdorf\/-\/spiel\/02JOMME5C8000000VS5489B3VU2S32AH#!\/\" target=\"_blank\" rel=\"noopener\"><em>&#8211;&gt; zum Spiel<\/em><\/a><\/p>\n<p>&nbsp;<\/p>\n<p>Der Trainer gab vor dem Spiel die gleiche taktische Einstellung wie am vorherigen Samstag gegen die SG Stahl Schmiedeberg vor, welche in der aktuellen Personallage sehr gut funktionierte. So pfiff Schiri Frank Meile p\u00fcnktlich 14.\u00b0\u00b0 Uhr die brisante Partie, auf dem perfekt pr\u00e4parierten Rasen in Reinhardtsgrimma an und die taktischen Vorgaben hielt die Mannschaft perfekt ein, sodass wir auch, durch erk\u00e4mpfte B\u00e4lle Nadelstiche Richtung G\u00e4stegeh\u00e4use setzen konnten. Leider konnten diese Nadelstiche durch Chancen von Michel K\u00f6bsell, Ren\u00e9 Siegfried und Marvin Kerndt nicht mit einem Tor belohnt werden. Die G\u00e4sten brauchten auch gut 20 Minuten um richtig ins Spiel zu finden. In dieser Zeit war die einzige nennenswerte Chance ein Lattentreffer, ansonsten hielt die Abwehr ihren 16er gut sauber. Danach wurde es immer schwerer Entlastung zu schaffen, denn durch ein gut rotierendes Mittelfeld und gutes Passspiel der G\u00e4ste war es schwer den Ball zu erobern und vom Tor fern zu halten. So kam es wie es kam, die G\u00e4ste gingen in der 28. Minute in F\u00fchrung und erh\u00f6hten bis zur Halbzeit in der 36. und 39. Minute auf 0:3.<\/p>\n<p>In der Halbzeitpause musste Matthias Walther verletzt in der Kabine bleiben und Johannes Th\u00fcmmel kam ins Spiel. Nach dem Wiederanpfiff hielten die G\u00e4ste weiter den Druck hoch und konnten gleich in der 48. Minute auf 0:4 erh\u00f6hen. Wir versuchten alles im Definsivbereich, aber heute war nicht viel zumachen. Weitere Treffer f\u00fcr die G\u00e4ste fielen in der 54., 59. und 90. Minute. Den relativ einzigsten zuende gespielen Nadelstich unserer Seite in der 2. Halbzeit, \u00fcber Johannes Th\u00fcmmel, konnte Marvin Kerndt, unter Mithilfe des G\u00e4stetorh\u00fcters, in der 86. Spielminute zum Ehrentreffer nutzen.&nbsp;<\/p>\n<p>Am Ende sind wir mit einer 1:7 Niederlage gegen einen gut spielenden SG Kesselsdorf im Achtelfinal des Kreispokal ausgeschieden. Aber am kommenden Sonntag sollen nun endlich mal wieder 3 Punkte im Sportpark Dippoldiswalde gegen den TSV Graupa bleiben.&nbsp;&nbsp;<\/p>\n<\/div><div class=\"sp-section-content sp-section-content-details\"><div class=\"sp-template sp-template-event-details\">\n\t<h4 class=\"sp-table-caption\">Details<\/h4>\n\t<div class=\"sp-table-wrapper\">\n\t\t<table class=\"sp-event-details sp-data-table\n\t\t\t\t\t sp-scrollable-table\">\n\t\t\t<thead>\n\t\t\t\t<tr>\n\t\t\t\t\t\t\t\t\t\t\t<th>Datum<\/th>\n\t\t\t\t\t\t\t\t\t\t\t\t<th>Zeit<\/th>\n\t\t\t\t\t\t\t\t\t\t\t\t<th>Liga<\/th>\n\t\t\t\t\t\t\t\t\t\t\t\t<th>Saison<\/th>\n\t\t\t\t\t\t\t\t\t\t\t\t<th>Spieltag<\/th>\n\t\t\t\t\t\t\t\t\t\t<\/tr>\n\t\t\t<\/thead>\n\t\t\t<tbody>\n\t\t\t\t<tr class=\"odd\">\n\t\t\t\t\t\t\t\t\t\t\t<td>16. November 2022<\/td>\n\t\t\t\t\t\t\t\t\t\t\t\t<td>14:00<\/td>\n\t\t\t\t\t\t\t\t\t\t\t\t<td>Kreispokal<\/td>\n\t\t\t\t\t\t\t\t\t\t\t\t<td>2022\/23<\/td>\n\t\t\t\t\t\t\t\t\t\t\t\t<td>Achtelfinale<\/td>\n\t\t\t\t\t\t\t\t\t\t<\/tr>\n\t\t\t<\/tbody>\n\t\t<\/table>\n\t<\/div>\n<\/div>\n<\/div><div class=\"sp-section-content sp-section-content-results\"><div class=\"sp-template sp-template-event-results\">\n\t<h4 class=\"sp-table-caption\">Ergebnis<\/h4><div class=\"sp-table-wrapper\"><table class=\"sp-event-results sp-data-table sp-scrollable-table\"><thead><th class=\"data-name\">Verein<\/th><th class=\"data-onehalbzeit\">1.Halbzeit<\/th><th class=\"data-endstand\">Endstand<\/th><th class=\"data-outcome\">Endstand<\/th><\/tr><\/thead><tbody><tr class=\"odd\"><td class=\"data-name\">SpG FSV Dippoldiswalde \/ TSV Reinhardtsgrimma<\/td><td class=\"data-onehalbzeit\">0<\/td><td class=\"data-endstand\">1<\/td><td class=\"data-outcome\">Verloren<\/td><\/tr><tr class=\"even\"><td class=\"data-name\">SG Kesselsdorf<\/td><td class=\"data-onehalbzeit\">3<\/td><td class=\"data-endstand\">7<\/td><td class=\"data-outcome\">Sieg<\/td><\/tr><\/tbody><\/table><\/div><\/div>\n<\/div><div class=\"sp-section-content sp-section-content-performance\">\t\t<div class=\"sp-event-performance-tables sp-event-performance-teams\">\n\t\t\t<div class=\"sp-template sp-template-event-performance sp-template-event-performance-icons\t\t\t\t\t\t\t\t\t\t\t\t\t\t\t\t\t\t\t\t\t\t\t   \">\n\t\t\t<h4 class=\"sp-table-caption\">SpG FSV Dippoldiswalde \/ TSV Reinhardtsgrimma<\/h4>\n\t\t<div class=\"sp-table-wrapper\">\n\t\t<table class=\"sp-event-performance sp-data-table\n\t\t\">\n\t\t\t<thead>\n\t\t\t\t<tr>\n\t\t\t\t\t\t\t\t\t<\/tr>\n\t\t\t<\/thead>\n\t\t\t\t\t\t\t<tbody>\n\t\t\t\t\t<tr class=\"lineup odd\"><td class=\"data-number\" data-label=\"#\">1<\/td><td class=\"data-name\" data-label=\"Spieler\"><a href=\"https:\/\/www.fsv-dippoldiswalde.de\/de\/player\/erik-kaden\/\">Erik Kaden<\/a> <small class=\"sp-player-position\">Torwart<\/small><\/td><td class=\"sp-performance-icons\"><\/td><\/tr><tr class=\"lineup even\"><td class=\"data-number\" data-label=\"#\">15<\/td><td class=\"data-name\" data-label=\"Spieler\"><a href=\"https:\/\/www.fsv-dippoldiswalde.de\/de\/player\/martin-brauch\/\">Martin Brauch<\/a> <small class=\"sp-player-position\">Defensive<\/small><\/td><td class=\"sp-performance-icons\"><\/td><\/tr><tr class=\"lineup odd\"><td class=\"data-number\" data-label=\"#\">2<\/td><td class=\"data-name\" data-label=\"Spieler\"><a href=\"https:\/\/www.fsv-dippoldiswalde.de\/de\/player\/matthias-walther\/\">Matthias Walther<\/a> <span class=\"sub-in\" title=\"Johannes-Friedrich Th\u00fcmmel\">13<\/span> <small class=\"sp-player-position\">Defensive<\/small><\/td><td class=\"sp-performance-icons\"><\/td><\/tr><tr class=\"lineup even\"><td class=\"data-number\" data-label=\"#\">10<\/td><td class=\"data-name\" data-label=\"Spieler\"><a href=\"https:\/\/www.fsv-dippoldiswalde.de\/de\/player\/marco-fleischer\/\">Marco Fleischer<\/a> <small class=\"sp-player-position\">Defensive<\/small><\/td><td class=\"sp-performance-icons\"><i class=\"sp-icon-card\" title=\"Gelbe Karten\" style=\"color:#f4d014 !important\"><\/i> 61'<br><\/td><\/tr><tr class=\"lineup odd\"><td class=\"data-number\" data-label=\"#\">17<\/td><td class=\"data-name\" data-label=\"Spieler\"><a href=\"https:\/\/www.fsv-dippoldiswalde.de\/de\/player\/claas-ukena\/\">Claas Ukena<\/a> <small class=\"sp-player-position\">Defensive<\/small><\/td><td class=\"sp-performance-icons\"><\/td><\/tr><tr class=\"lineup even\"><td class=\"data-number\" data-label=\"#\">21<\/td><td class=\"data-name\" data-label=\"Spieler\"><a href=\"https:\/\/www.fsv-dippoldiswalde.de\/de\/player\/kimi-jerke\/\">Kimi Jerke<\/a> <small class=\"sp-player-position\">Mittelfeld<\/small><\/td><td class=\"sp-performance-icons\"><\/td><\/tr><tr class=\"lineup odd\"><td class=\"data-number\" data-label=\"#\">6<\/td><td class=\"data-name\" data-label=\"Spieler\"><a href=\"https:\/\/www.fsv-dippoldiswalde.de\/de\/player\/rene-siegfried\/\">Ren\u00e9 Siegfried<\/a> <small class=\"sp-player-position\">Mittelfeld<\/small><\/td><td class=\"sp-performance-icons\"><\/td><\/tr><tr class=\"lineup even\"><td class=\"data-number\" data-label=\"#\">18<\/td><td class=\"data-name\" data-label=\"Spieler\"><a href=\"https:\/\/www.fsv-dippoldiswalde.de\/de\/player\/steven-mann\/\">Steven Mann<\/a> <small class=\"sp-player-position\">Mittelfeld<\/small><\/td><td class=\"sp-performance-icons\"><\/td><\/tr><tr class=\"lineup odd\"><td class=\"data-number\" data-label=\"#\">8<\/td><td class=\"data-name\" data-label=\"Spieler\"><a href=\"https:\/\/www.fsv-dippoldiswalde.de\/de\/player\/marvin-kerndt\/\">Marvin Kerndt<\/a> <small class=\"sp-player-position\">Mittelfeld<\/small><\/td><td class=\"sp-performance-icons\"><i class=\"sp-icon-soccerball\" title=\"Tore\" style=\"color:#111111 !important\"><\/i> 86'<br><\/td><\/tr><tr class=\"lineup even\"><td class=\"data-number\" data-label=\"#\">12<\/td><td class=\"data-name\" data-label=\"Spieler\"><a href=\"https:\/\/www.fsv-dippoldiswalde.de\/de\/player\/eric-klanthe\/\">Eric Klanthe<\/a> <small class=\"sp-player-position\">Mittelfeld<\/small><\/td><td class=\"sp-performance-icons\"><\/td><\/tr><tr class=\"lineup odd\"><td class=\"data-number\" data-label=\"#\">11<\/td><td class=\"data-name\" data-label=\"Spieler\"><a href=\"https:\/\/www.fsv-dippoldiswalde.de\/de\/player\/michel-koebsell\/\">Michel K\u00f6bsell<\/a> <small class=\"sp-player-position\">Angriff<\/small><\/td><td class=\"sp-performance-icons\"><\/td><\/tr><tr class=\"sub even\"><td class=\"data-number\" data-label=\"#\"><\/td><td class=\"data-name\" data-label=\"Spieler\"><a href=\"https:\/\/www.fsv-dippoldiswalde.de\/de\/player\/ersatzbank\/\">ERSATZBANK<\/a><\/td><td class=\"sp-performance-icons\"><\/td><\/tr><tr class=\"sub odd\"><td class=\"data-number\" data-label=\"#\">22<\/td><td class=\"data-name\" data-label=\"Spieler\"><a href=\"https:\/\/www.fsv-dippoldiswalde.de\/de\/player\/thomas-schoen\/\">Thomas Sch\u00f6n<\/a> <small class=\"sp-player-position\">Torwart<\/small><\/td><td class=\"sp-performance-icons\"><\/td><\/tr><tr class=\"sub even\"><td class=\"data-number\" data-label=\"#\">13<\/td><td class=\"data-name\" data-label=\"Spieler\"><a href=\"https:\/\/www.fsv-dippoldiswalde.de\/de\/player\/johannes-friedrich-thuemmel\/\">Johannes-Friedrich Th\u00fcmmel<\/a> <span class=\"sub-out\" title=\"Matthias Walther\">2<\/span> <small class=\"sp-player-position\">Mittelfeld<\/small><\/td><td class=\"sp-performance-icons\"><\/td><\/tr>\t\t\t\t<\/tbody>\n\t\t\t\t\t\t\t\t<\/table>\n\t\t\t<\/div>\n\t<\/div>\t\t<\/div><!-- .sp-event-performance-tables -->\n\t\t<\/div><div class=\"sp-tab-group\"><\/div><\/div>\n","protected":false},"excerpt":{"rendered":"","protected":false},"author":2,"featured_media":39358,"comment_status":"closed","ping_status":"open","sticky":false,"template":"","format":"standard","meta":{"ngg_post_thumbnail":0,"footnotes":"","_links_to":"","_links_to_target":""},"categories":[314],"tags":[],"class_list":["post-39328","post","type-post","status-publish","format-standard","has-post-thumbnail","hentry","category-1-maenner-2022-23"],"_links":{"self":[{"href":"https:\/\/www.fsv-dippoldiswalde.de\/de\/wp-json\/wp\/v2\/posts\/39328","targetHints":{"allow":["GET"]}}],"collection":[{"href":"https:\/\/www.fsv-dippoldiswalde.de\/de\/wp-json\/wp\/v2\/posts"}],"about":[{"href":"https:\/\/www.fsv-dippoldiswalde.de\/de\/wp-json\/wp\/v2\/types\/post"}],"author":[{"embeddable":true,"href":"https:\/\/www.fsv-dippoldiswalde.de\/de\/wp-json\/wp\/v2\/users\/2"}],"replies":[{"embeddable":true,"href":"https:\/\/www.fsv-dippoldiswalde.de\/de\/wp-json\/wp\/v2\/comments?post=39328"}],"version-history":[{"count":1,"href":"https:\/\/www.fsv-dippoldiswalde.de\/de\/wp-json\/wp\/v2\/posts\/39328\/revisions"}],"predecessor-version":[{"id":39359,"href":"https:\/\/www.fsv-dippoldiswalde.de\/de\/wp-json\/wp\/v2\/posts\/39328\/revisions\/39359"}],"wp:featuredmedia":[{"embeddable":true,"href":"https:\/\/www.fsv-dippoldiswalde.de\/de\/wp-json\/wp\/v2\/media\/39358"}],"wp:attachment":[{"href":"https:\/\/www.fsv-dippoldiswalde.de\/de\/wp-json\/wp\/v2\/media?parent=39328"}],"wp:term":[{"taxonomy":"category","embeddable":true,"href":"https:\/\/www.fsv-dippoldiswalde.de\/de\/wp-json\/wp\/v2\/categories?post=39328"},{"taxonomy":"post_tag","embeddable":true,"href":"https:\/\/www.fsv-dippoldiswalde.de\/de\/wp-json\/wp\/v2\/tags?post=39328"}],"curies":[{"name":"wp","href":"https:\/\/api.w.org\/{rel}","templated":true}]}}