{"id":36071,"date":"2021-07-04T18:20:13","date_gmt":"2021-07-04T16:20:13","guid":{"rendered":"https:\/\/www.fsv-dippoldiswalde.de\/de\/?p=36071"},"modified":"2021-07-04T18:20:13","modified_gmt":"2021-07-04T16:20:13","slug":"03-07-21-spg-2-maenner-ssv-neustadt-sa-0-1-01-kreispokal-viertelfinale","status":"publish","type":"post","link":"https:\/\/www.fsv-dippoldiswalde.de\/de\/03-07-21-spg-2-maenner-ssv-neustadt-sa-0-1-01-kreispokal-viertelfinale\/","title":{"rendered":"03.07.21 SpG 2.M\u00e4nner \u2013 SSV Neustadt\/Sa. 0 : 1 (0:1) Kreispokal Viertelfinale"},"content":{"rendered":"<p><a class=\"ngg-fancybox\" title=\" \" href=\"https:\/\/www.fsv-dippoldiswalde.de\/de\/wp-content\/gallery\/2-maenner-kreispokal-viertelfinale-20_21\/04.07.2021-image5-Saison-2020_21.jpg\" rel=\"\" data-image-id=\"12257\" data-src=\"https:\/\/www.fsv-dippoldiswalde.de\/de\/wp-content\/gallery\/2-maenner-kreispokal-viertelfinale-20_21\/04.07.2021-image5-Saison-2020_21.jpg\" data-thumbnail=\"https:\/\/www.fsv-dippoldiswalde.de\/de\/wp-content\/gallery\/2-maenner-kreispokal-viertelfinale-20_21\/thumbs\/thumbs_04.07.2021-image5-Saison-2020_21.jpg\" data-title=\"04.07.2021-image5-Saison-2020_21\" data-description=\" \"><img decoding=\"async\" class=\"ngg-singlepic ngg-none alignleft\" src=\"https:\/\/www.fsv-dippoldiswalde.de\/de\/wp-content\/gallery\/2-maenner-kreispokal-viertelfinale-20_21\/thumbs\/thumbs_04.07.2021-image5-Saison-2020_21.jpg\" alt=\"04.07.2021-image5-Saison-2020_21\"><\/a><strong>Niederlage im Pokal!<\/strong><\/p>\n<p>Im ersten Offiziellem Spiel seit langer langer Zeit wurde die Pokalsaison vom letzten Jahr f\u00fcr uns beendet.<\/p>\n<p>&nbsp;<\/p>\n<p><a href=\"https:\/\/www.fsv-dippoldiswalde.de\/de\/bildergallerie\/bilder-2-manner\/nggallery\/album-2-maenner-20_21\/2-maenner-kreispokal-viertelfinale-20_21?preview_id=2255\"><em>&#8211;&gt; Bilder<\/em><\/a><\/p>\n<p>&nbsp;<\/p>\n<p>Mit einer sehr guten Mannschaft aus jung und alt wollten wir die \u00dcberraschung gegen die Truppe aus Neustadt \/ Sachsen schaffen. Leider verletzte sich beim Aufw\u00e4rmen unser Spieler Petrick. So waren wir schon vor Beginn mit nur noch 2 Wechslern ausgestattet. Egal\u2026.<br \/>\nMit h\u00f6chster Motivation gingen wir ins Spiel. Der Matchplan war einfach, tief stehen, eng verteidigen und bei Ballgewinn Nadelstiche setzen. Das funktionierte super. Unsere 3 Offensiven Kr\u00e4fte um Marco, Hubi und Marcel ( der ein Bombenspiel machte) liefen den Gegner am Mittellinie immer wieder an. Und so hatte der Gegner zwar mehr Ballbesitz, aber wenig M\u00f6glichkeiten. Wir konnten in wenigen Momenten immer wieder gef\u00e4hrlich nah an den Strafraum des Gegners kommen. Leider fehlte immer das Qu\u00e4ntchen Gl\u00fcck oder der letzte Pass. Und dann der einige Fehler in der ersten Halbzeit. Bei einer Ecke fehlte die Absicherung hinten. Wir verloren den Ball und mit Tempo ging der Gegner in den Konter. Das 0:1. Nicht unverdient aufgrund der Spielanteile, aber nat\u00fcrlich bitter. Halbzeit\u2026.<br \/>\nDer Plan in der zweiten war zum Start der Gleiche. Aber wir gingen in einigen Aktionen mehr Risiko ein. Dadurch hatten die Gegner mehr Platz und mehr M\u00f6glichkeiten. Dennis hielt uns wieder mit einigen sehr starken Paraden im Spiel und ab der 75. min gingen wir dann volles Risiko. Wir hatten nun deutlich mehr vom Spiel. Leider blieb uns auch hier das Gl\u00fcck aus. So scheiterten wir mit einigen sehr guten Chancen am Keeper des Gegners. Der Ausgleich lag in der Luft\u2026! Aber dann war Schluss.<\/p>\n<p>Fazit: Ein super Spiel von uns, auf das man f\u00fcr die n\u00e4chste Saison auf jeden Fall aufbauen kann.<\/p>\n<p><em>Bericht: Eric Klanthe<\/em><\/p>\n","protected":false},"excerpt":{"rendered":"<p>Niederlage im Pokal! Im ersten Offiziellem Spiel seit langer langer Zeit wurde die Pokalsaison vom letzten Jahr f\u00fcr uns beendet.&#46;&#46;&#46;<\/p>\n","protected":false},"author":2,"featured_media":36072,"comment_status":"closed","ping_status":"open","sticky":false,"template":"","format":"standard","meta":{"ngg_post_thumbnail":0,"footnotes":"","_links_to":"","_links_to_target":""},"categories":[285],"tags":[],"class_list":["post-36071","post","type-post","status-publish","format-standard","has-post-thumbnail","hentry","category-2-maenner-2020-21"],"_links":{"self":[{"href":"https:\/\/www.fsv-dippoldiswalde.de\/de\/wp-json\/wp\/v2\/posts\/36071","targetHints":{"allow":["GET"]}}],"collection":[{"href":"https:\/\/www.fsv-dippoldiswalde.de\/de\/wp-json\/wp\/v2\/posts"}],"about":[{"href":"https:\/\/www.fsv-dippoldiswalde.de\/de\/wp-json\/wp\/v2\/types\/post"}],"author":[{"embeddable":true,"href":"https:\/\/www.fsv-dippoldiswalde.de\/de\/wp-json\/wp\/v2\/users\/2"}],"replies":[{"embeddable":true,"href":"https:\/\/www.fsv-dippoldiswalde.de\/de\/wp-json\/wp\/v2\/comments?post=36071"}],"version-history":[{"count":1,"href":"https:\/\/www.fsv-dippoldiswalde.de\/de\/wp-json\/wp\/v2\/posts\/36071\/revisions"}],"predecessor-version":[{"id":36073,"href":"https:\/\/www.fsv-dippoldiswalde.de\/de\/wp-json\/wp\/v2\/posts\/36071\/revisions\/36073"}],"wp:featuredmedia":[{"embeddable":true,"href":"https:\/\/www.fsv-dippoldiswalde.de\/de\/wp-json\/wp\/v2\/media\/36072"}],"wp:attachment":[{"href":"https:\/\/www.fsv-dippoldiswalde.de\/de\/wp-json\/wp\/v2\/media?parent=36071"}],"wp:term":[{"taxonomy":"category","embeddable":true,"href":"https:\/\/www.fsv-dippoldiswalde.de\/de\/wp-json\/wp\/v2\/categories?post=36071"},{"taxonomy":"post_tag","embeddable":true,"href":"https:\/\/www.fsv-dippoldiswalde.de\/de\/wp-json\/wp\/v2\/tags?post=36071"}],"curies":[{"name":"wp","href":"https:\/\/api.w.org\/{rel}","templated":true}]}}