{"id":35848,"date":"2021-06-02T19:04:58","date_gmt":"2021-06-02T17:04:58","guid":{"rendered":"https:\/\/www.fsv-dippoldiswalde.de\/de\/?p=35848"},"modified":"2021-06-15T09:09:59","modified_gmt":"2021-06-15T07:09:59","slug":"aktuelle-informationen-zum-trainingsbetrieb","status":"publish","type":"post","link":"https:\/\/www.fsv-dippoldiswalde.de\/de\/aktuelle-informationen-zum-trainingsbetrieb\/","title":{"rendered":"Aktuelle Informationen zum Trainingsbetrieb"},"content":{"rendered":"<p style=\"box-sizing:border-box; border:0px; font-family:Verdana,Geneva,sans-serif; font-size:15px; font-style:normal; font-weight:400; margin:0px0px20px; outline:0px; padding:0px; vertical-align:baseline; color:rgb(34,34,34); font-variant-ligatures:normal; font-variant-caps:normal; letter-spacing:normal; orphans:2text-indent:0px; text-transform:none; white-space:normal; widows:2; word-spacing:0px; -webkit-text-stroke-width:0px; background-color:rgb(255,255,255); text-decoration-thickness:initial; text-decoration-style:initial; text-decoration-color:initial; text-align:left;\"><strong style=\"box-sizing: border-box; border: 0px; font-family: inherit; font-size: 16.5px; font-style: inherit; font-weight: bold; margin: 0px; outline: 0px; padding: 0px; vertical-align: baseline;\">Stand: 02.06.2021, 15:30<\/strong><br \/>\nFreude \u00fcber Lockerungen, Verwunderung \u00fcber Testpflicht: Mit dem heutigen Tag sind umfangreiche Lockerungen f\u00fcr den Vereinssport in Kraft getreten, die der KVF seinen Mitgliedern in einer Handreichung \u00fcbermittelte.<\/p>\n<p style=\"box-sizing:border-box; border:0px; font-family:Verdana,Geneva,sans-serif; font-size:15px; font-style:normal; font-weight:400; margin:0px0px20px; outline:0px; padding:0px; vertical-align:baseline; color:rgb(34,34,34); font-variant-ligatures:normal; font-variant-caps:normal; letter-spacing:normal; orphans:2text-indent:0px; text-transform:none; white-space:normal; widows:2; word-spacing:0px; -webkit-text-stroke-width:0px; background-color:rgb(255,255,255); text-decoration-thickness:initial; text-decoration-style:initial; text-decoration-color:initial; text-align:left;\">F\u00fcr Verwunderung, auch beim s\u00e4chsischen Landessportbund, sorgte nun die Regelung f\u00fcr eine Testpflicht auch f\u00fcr Minderj\u00e4hrige auf Au\u00dfensportanlagen, nicht aber im Au\u00dfenbereich, etwa auf Wiesen. Der Landessportbund hat sich hierzu positioniert:<span> <\/span><a href=\"https:\/\/www.sport-fuer-sachsen.de\/sportnachrichten\/detail\/weiterhin-testpflicht-fuer-minderjaehrige-auf-aussensportanlagen\/?fbclid=IwAR33IJtIL8GxfHZTd-HJSoq8PFHHUrcIHdt3g-tAKzxvHIKjmD3943KafFQ\" target=\"_blank\" rel=\"noreferrer noopener\" style=\"box-sizing: border-box; border: 0px; font-family: inherit; font-size: 16.5px; font-style: inherit; font-weight: inherit; margin: 0px; outline: 0px; padding: 0px; vertical-align: baseline; color: rgb(0, 150, 76); text-decoration: none; transition: all 0.3s ease-in-out 0s;\">https:\/\/www.sport-fuer-sachsen.de\/sportnachrichten\/detail\/weiterhin-testpflicht-fuer-minderjaehrige-auf-aussensportanlagen\/?fbclid=IwAR33IJtIL8GxfHZTd-HJSoq8PFHHUrcIHdt3g-tAKzxvHIKjmD3943KafFQ<\/a><\/p>\n<p style=\"box-sizing:border-box; border:0px; font-family:Verdana,Geneva,sans-serif; font-size:15px; font-style:normal; font-weight:400; margin:0px0px20px; outline:0px; padding:0px; vertical-align:baseline; color:rgb(34,34,34); font-variant-ligatures:normal; font-variant-caps:normal; letter-spacing:normal; orphans:2text-indent:0px; text-transform:none; white-space:normal; widows:2; word-spacing:0px; -webkit-text-stroke-width:0px; background-color:rgb(255,255,255); text-decoration-thickness:initial; text-decoration-style:initial; text-decoration-color:initial; text-align:left;\"><strong style=\"box-sizing: border-box; border: 0px; font-family: inherit; font-size: 16.5px; font-style: inherit; font-weight: bold; margin: 0px; outline: 0px; padding: 0px; vertical-align: baseline;\">Stand: 26.05.2021, 13:20<\/strong><br \/>\nDas S\u00e4chsische Staatsministerium f\u00fcr Soziales und Gesellschaftlichen Zusammenhalt hat auf seiner Pressekonferenz am Mittwoch weitere Lockerungen f\u00fcr den Vereinssport mitgeteilt.<\/p>\n<p style=\"box-sizing:border-box; border:0px; font-family:Verdana,Geneva,sans-serif; font-size:15px; font-style:normal; font-weight:400; margin:0px0px20px; outline:0px; padding:0px; vertical-align:baseline; color:rgb(34,34,34); font-variant-ligatures:normal; font-variant-caps:normal; letter-spacing:normal; orphans:2text-indent:0px; text-transform:none; white-space:normal; widows:2; word-spacing:0px; -webkit-text-stroke-width:0px; background-color:rgb(255,255,255); text-decoration-thickness:initial; text-decoration-style:initial; text-decoration-color:initial; text-align:left;\">Die neue Corona-Schutzverordnung soll vom<span> <\/span><strong style=\"box-sizing: border-box; border: 0px; font-family: inherit; font-size: 16.5px; font-style: inherit; font-weight: bold; margin: 0px; outline: 0px; padding: 0px; vertical-align: baseline;\">31. Mai bis 13. Juni 2021<\/strong><span> <\/span>gelten und beinhaltet Regelungen, die auch den Fu\u00dfball betreffen. Hiernach soll in diesem Zeitraum bei einer 7-Tage-Inzidenz von unter 100 Kontaktsport mit bis zu 20 Minderj\u00e4hrigen im Au\u00dfenbereich m\u00f6glich sein.<\/p>\n<p style=\"box-sizing:border-box; border:0px; font-family:Verdana,Geneva,sans-serif; font-size:15px; font-style:normal; font-weight:400; margin:0px0px20px; outline:0px; padding:0px; vertical-align:baseline; color:rgb(34,34,34); font-variant-ligatures:normal; font-variant-caps:normal; letter-spacing:normal; orphans:2text-indent:0px; text-transform:none; white-space:normal; widows:2; word-spacing:0px; -webkit-text-stroke-width:0px; background-color:rgb(255,255,255); text-decoration-thickness:initial; text-decoration-style:initial; text-decoration-color:initial; text-align:left;\">Zudem ist Kontaktsport auf Au\u00dfensportanlagen auch f\u00fcr Erwachsene und bis zu 30 Personen m\u00f6glich, sofern ein tagesaktueller Negativtest f\u00fcr Sportler und Anleitungspersonal (z. B. \u00dcbungsleiter) sowie eine Kontaktnachverfolgung vorliegt.<\/p>\n<p style=\"box-sizing:border-box; border:0px; font-family:Verdana,Geneva,sans-serif; font-size:15px; font-style:normal; font-weight:400; margin:0px0px20px; outline:0px; padding:0px; vertical-align:baseline; color:rgb(34,34,34); font-variant-ligatures:normal; font-variant-caps:normal; letter-spacing:normal; orphans:2text-indent:0px; text-transform:none; white-space:normal; widows:2; word-spacing:0px; -webkit-text-stroke-width:0px; background-color:rgb(255,255,255); text-decoration-thickness:initial; text-decoration-style:initial; text-decoration-color:initial; text-align:left;\">Bei einer 7-Tage-Inzidenz von unter 50 sind Sportveranstaltungen mit Besuchern (mit tagesaktuellem Test) sowie angezeigtem Hygienekonzept beim Landkreis m\u00f6glich. Hierbei war auf Nachfrage bei der Landespressekonferenz von Modellprojekten die Rede, sodass der genaue Verordnungstext abgewartet werden muss. Der Kreisverband Fu\u00dfball stellt interessierten Vereinen das im vergangenen Jahr erfolgreich erprobte Muster hierf\u00fcr zur Verf\u00fcgung.<\/p>\n<p style=\"box-sizing:border-box; border:0px; font-family:Verdana,Geneva,sans-serif; font-size:15px; font-style:normal; font-weight:400; margin:0px0px20px; outline:0px; padding:0px; vertical-align:baseline; color:rgb(34,34,34); font-variant-ligatures:normal; font-variant-caps:normal; letter-spacing:normal; orphans:2text-indent:0px; text-transform:none; white-space:normal; widows:2; word-spacing:0px; -webkit-text-stroke-width:0px; background-color:rgb(255,255,255); text-decoration-thickness:initial; text-decoration-style:initial; text-decoration-color:initial; text-align:left;\">Zudem wurde im Rahmen eines Eckpunktepapiers ab 14. Juni \u2013 vorbehaltlich der positiven Entwicklung \u2013 in Aussicht gestellt, dass Gro\u00df-\/Sportveranstaltungen genehmigt werden, sofern ein genehmigtes Hygienekonzept vorliegt.<\/p>\n<p style=\"box-sizing:border-box; border:0px; font-family:Verdana,Geneva,sans-serif; font-size:15px; font-style:normal; font-weight:400; margin:0px0px20px; outline:0px; padding:0px; vertical-align:baseline; color:rgb(34,34,34); font-variant-ligatures:normal; font-variant-caps:normal; letter-spacing:normal; orphans:2text-indent:0px; text-transform:none; white-space:normal; widows:2; word-spacing:0px; -webkit-text-stroke-width:0px; background-color:rgb(255,255,255); text-decoration-thickness:initial; text-decoration-style:initial; text-decoration-color:initial; text-align:left;\">Auf dieser Seite werden wir \u00fcber Neuerungen informieren. Detaillierte Ausf\u00fchrungen sind nach der Ver\u00f6ffentlichung der neuen Verordnung auf www.coronavirus.sachsen zu entnehmen. Bis zur Publikation haben diese Ausf\u00fchrungen vorl\u00e4ufigen Charakter.<\/p>\n<p style=\"box-sizing:border-box; border:0px; font-family:Verdana,Geneva,sans-serif; font-size:15px; font-style:normal; font-weight:400; margin:0px0px20px; outline:0px; padding:0px; vertical-align:baseline; color:rgb(34,34,34); font-variant-ligatures:normal; font-variant-caps:normal; letter-spacing:normal; orphans:2text-indent:0px; text-transform:none; white-space:normal; widows:2; word-spacing:0px; -webkit-text-stroke-width:0px; background-color:rgb(255,255,255); text-decoration-thickness:initial; text-decoration-style:initial; text-decoration-color:initial; text-align:left;\"><strong style=\"box-sizing: border-box; border: 0px; font-family: inherit; font-size: 16.5px; font-style: inherit; font-weight: bold; margin: 0px; outline: 0px; padding: 0px; vertical-align: baseline;\">Stand: 04.05.2021, 14:05<\/strong><br \/>\nDas S\u00e4chsische Staatsministerium f\u00fcr Soziales und Gesellschaftlichen Zusammenhalt hat auf seiner Pressekonferenz am Dienstag erste Lockerungen f\u00fcr den Vereinssport mitgeteilt. F\u00fcr den Fu\u00dfball sind hier besonders die folgenden Bestimmungen relevant:<br \/>\nVollst\u00e4ndig Geimpfte und Genesene (binnen der letzten sechs Monate) werden mit Getesteten gleichgestellt. Jene Anleitungspersonen im Kleingruppen-Training ben\u00f6tigen hiernach keinen tagesaktuellen Test mehr.<br \/>\nBei einer 7-Tage-Inzidenz von unter<span> <\/span><strong style=\"box-sizing: border-box; border: 0px; font-family: inherit; font-size: 16.5px; font-style: inherit; font-weight: bold; margin: 0px; outline: 0px; padding: 0px; vertical-align: baseline;\">50 pro 100.000<\/strong><span> <\/span>Einwohner an f\u00fcnf aufeinanderfolgenden Tagen w\u00fcrden zwei Tage sp\u00e4ter Lockerungen in Kraft treten: Unter dieser Voraussetzung ist Kontaktsport auf Au\u00dfenanlagen wieder gestattet. Die Inzidenz im Landkreis lag mit gestrigem Datum bei 221,9, sachsenweit bei 215,5.<br \/>\nZur konkreten Ausgestaltung ist der Beschlusstext der Verordnung abzuwarten. Die neue s\u00e4chsische Corona-Schutzverordnung soll vom<span> <\/span><strong style=\"box-sizing: border-box; border: 0px; font-family: inherit; font-size: 16.5px; font-style: inherit; font-weight: bold; margin: 0px; outline: 0px; padding: 0px; vertical-align: baseline;\">10.05 bis 30.05.2021<\/strong><span><strong style=\"box-sizing: border-box; border: 0px; font-family: inherit; font-size: 16.5px; font-style: inherit; font-weight: bold; margin: 0px; outline: 0px; padding: 0px; vertical-align: baseline;\"> <\/strong><\/span>gelten, zudem wird es hierzu voraussichtlich am Freitag bundeseinheitliche Regeln beschlossen.<\/p>\n<p style=\"box-sizing:border-box; border:0px; font-family:Verdana,Geneva,sans-serif; font-size:15px; font-style:normal; font-weight:400; margin:0px0px20px; outline:0px; padding:0px; vertical-align:baseline; color:rgb(34,34,34); font-variant-ligatures:normal; font-variant-caps:normal; letter-spacing:normal; orphans:2text-indent:0px; text-transform:none; white-space:normal; widows:2; word-spacing:0px; -webkit-text-stroke-width:0px; background-color:rgb(255,255,255); text-decoration-thickness:initial; text-decoration-style:initial; text-decoration-color:initial; text-align:left;\"><strong style=\"box-sizing: border-box; border: 0px; font-family: inherit; font-size: 16.5px; font-style: inherit; font-weight: bold; margin: 0px; outline: 0px; padding: 0px; vertical-align: baseline;\">Stand: 03.05.2021, 11:30<\/strong><br \/>\nDer Landessportbund Sachsen hat in seinen Corona-FAQ (Frequently asked questions = \u201eH\u00e4ufig gestellte Fragen\u201c) die aktuellen Abstimmungsergebnisse mit dem Verordnungsgeber aufgef\u00fchrt. Konkretisiert wird hierin gegen\u00fcber den bisherigen Bestimmungen (s. Stand 23.04.2021) zur sog. Corona-Notbremse ab einer 7-Tage-Inzidenz von \u00fcber 100 an drei aufeinanderfolgenden Tagen, dass<span> <\/span><em style=\"box-sizing: border-box; border: 0px; font-family: inherit; font-size: 16.5px; font-style: italic; font-weight: inherit; margin: 0px; outline: 0px; padding: 0px; vertical-align: baseline;\">eine Anleitungsperson mehrere Gruppen parallel und\/oder nacheinander betreuen kann<\/em>. Dies kann bspw. notwendig sein, wenn mehrere Kleingruppen getrennt voneinander auf einem Spielfeld trainieren.<br \/>\nF\u00fcr weitere Informationen empfehlen wir auch die<span> <\/span><a href=\"https:\/\/l.facebook.com\/l.php?u=https%3A%2F%2Fbit.ly%2F3nFlDGr%3Ffbclid%3DIwAR0nez9ksyVAk86tDFeq1c0Qu4geGZqxFpjet7J7Jf0PS192fEoJByoNcAE&amp;h=AT2C2Ehlu1I16Glxujoi6xVb4RbX2oCD_cb8gYfmccG6hOXuPUphW-1fSgA6Tp1XQd_wPFqcsvC3kHKB_6ooxjdZfxppLKq7O2UOqMyhvDJAA79ckdK3Mm25lYqstOczWwviUH7ilsvPjBRllLEv&amp;__tn__=-UK-R&amp;c[0]=AT04QcnPEkGgx5aCOpYuAVcX8r_uNm_8Gk7XcTBKHfRoHTsA1gd42zPZw_Zu7606wRUQhN0bVLZKx4eZ-s86T4YVaNUUrugdIqQElK1936LuGH_hJuULMPxJrp7Y2wb6I5M0we9eyFoAV6tNousHTmOFaoAz2KLjLyxO0jwo5dehKks\" target=\"_blank\" rel=\"noreferrer noopener\" style=\"box-sizing: border-box; border: 0px; font-family: inherit; font-size: 16.5px; font-style: inherit; font-weight: inherit; margin: 0px; outline: 0px; padding: 0px; vertical-align: baseline; color: rgb(0, 150, 76); text-decoration: none; transition: all 0.3s ease-in-out 0s;\">Corona-FAQ<\/a><span> <\/span>des Landessportbundes, \u00c4nderungen der g\u00fcltigen Bestimmungen f\u00fcr den Fu\u00dfball kommuniziert der KVF fortlaufend hier im Beitrag<\/p>\n<p><strong style=\"box-sizing: border-box; border: 0px; font-family: inherit; font-size: 15px; font-style: inherit; font-weight: bold; margin: 0px; outline: 0px; padding: 0px; vertical-align: baseline;\">Stand: 23.04.2021, 15:20<\/strong><br \/>\nWie der Landkreis S\u00e4chsische Schweiz-Osterzgebirge am Freitag mitteilte, treten die Regelungen zur sog. \u201eNotbremse\u201c am Samstag, dem 24. April in Kraft. Ab dann werden inzidenzwertunabh\u00e4ngige Lockerungen des Landkreises aufgehoben, somit gilt:<br \/>\nEs ist nur kontaktloser Individualsport allein, zu zweit oder mit den Angeh\u00f6rigen des eigenen Hausstandes zul\u00e4ssig. Kontaktfreier Sport in Gruppen von max. f\u00fcnf Kindern bis zur Vollendung des 14. Lebensjahres darf im Freien stattfinden. In diesem Fall muss jedoch das Trainingspersonal einen tagesaktuellen, negativen Test vorweisen k\u00f6nnen.<\/p>\n<p style=\"box-sizing:border-box; border:0px; font-family:Verdana,Geneva,sans-serif; font-size:15px; font-style:normal; font-weight:400; margin:0px0px20px; outline:0px; padding:0px; vertical-align:baseline; color:rgb(34,34,34); font-variant-ligatures:normal; font-variant-caps:normal; letter-spacing:normal; orphans:2text-indent:0px; text-transform:none; white-space:normal; widows:2; word-spacing:0px; -webkit-text-stroke-width:0px; background-color:rgb(255,255,255); text-decoration-thickness:initial; text-decoration-style:initial; text-decoration-color:initial; text-align:left;\"><strong style=\"box-sizing: border-box; border: 0px; font-family: inherit; font-size: 15px; font-style: inherit; font-weight: bold; margin: 0px; outline: 0px; padding: 0px; vertical-align: baseline;\">Stand: 22.04.2021, 15:30<\/strong><br \/>\nBundestag und Bundesrat haben die sog. \u201eNotbremse\u201c beschlossen. Ab einer 7-Tage-Inzidenz (an drei aufeinander folgenden Tagen) von \u00fcber 100 in Landkreisen und kreisfreien St\u00e4dten soll f\u00fcr den Sport gelten: Individualsport mit max. 2 Personen oder dem eigenen Haushalt ist gestattet.<\/p>\n<p style=\"box-sizing:border-box; border:0px; font-family:Verdana,Geneva,sans-serif; font-size:15px; font-style:normal; font-weight:400; margin:0px0px20px; outline:0px; padding:0px; vertical-align:baseline; color:rgb(34,34,34); font-variant-ligatures:normal; font-variant-caps:normal; letter-spacing:normal; orphans:2text-indent:0px; text-transform:none; white-space:normal; widows:2; word-spacing:0px; -webkit-text-stroke-width:0px; background-color:rgb(255,255,255); text-decoration-thickness:initial; text-decoration-style:initial; text-decoration-color:initial; text-align:left;\">Zudem ist kontaktfreier Sport in Gruppen bis 5 Personen bis 14 Jahre m\u00f6glich. Bislang galt eine Beschr\u00e4nkung von 20 Personen unter 18 Jahren. Trainer\/\u00dcbungsleiter m\u00fcssen ein negatives, tagesaktuelles Covid-Testergebnis (PCR oder Selbsttests) vorweisen k\u00f6nnen. Unter einem Inzidenzwert von 100 gelten wieder die Regeln der s\u00e4chsischen Corona-Schutzverordnung.<\/p>\n<p style=\"box-sizing:border-box; border:0px; font-family:Verdana,Geneva,sans-serif; font-size:15px; font-style:normal; font-weight:400; margin:0px0px20px; outline:0px; padding:0px; vertical-align:baseline; color:rgb(34,34,34); font-variant-ligatures:normal; font-variant-caps:normal; letter-spacing:normal; orphans:2text-indent:0px; text-transform:none; white-space:normal; widows:2; word-spacing:0px; -webkit-text-stroke-width:0px; background-color:rgb(255,255,255); text-decoration-thickness:initial; text-decoration-style:initial; text-decoration-color:initial; text-align:left;\">Das Gesetz und damit die ver\u00e4nderten Regelungen gelten ab Ausfertigung und Ver\u00f6ffentlichung im Bundesgesetzblatt. Bis zur f\u00f6rmlichen Feststellung \u2013 z. B. durch das Landratsamt \u2013 der dreit\u00e4gigen \u00dcbertretung der 7-Tage-Inzidenz von 100 gelten die bisherigen Regelungen.<\/p>\n<p style=\"box-sizing:border-box; border:0px; font-family:Verdana,Geneva,sans-serif; font-size:15px; font-style:normal; font-weight:400; margin:0px0px20px; outline:0px; padding:0px; vertical-align:baseline; color:rgb(34,34,34); font-variant-ligatures:normal; font-variant-caps:normal; letter-spacing:normal; orphans:2text-indent:0px; text-transform:none; white-space:normal; widows:2; word-spacing:0px; -webkit-text-stroke-width:0px; background-color:rgb(255,255,255); text-decoration-thickness:initial; text-decoration-style:initial; text-decoration-color:initial; text-align:left;\">Bei Inkrafttreten der neuen Regeln informiert der KVF hier gesondert.<\/p>\n<p style=\"box-sizing:border-box; border:0px; font-family:Verdana,Geneva,sans-serif; font-size:15px; font-style:normal; font-weight:400; margin:0px0px20px; outline:0px; padding:0px; vertical-align:baseline; color:rgb(34,34,34); font-variant-ligatures:normal; font-variant-caps:normal; letter-spacing:normal; orphans:2text-indent:0px; text-transform:none; white-space:normal; widows:2; word-spacing:0px; -webkit-text-stroke-width:0px; background-color:rgb(255,255,255); text-decoration-thickness:initial; text-decoration-style:initial; text-decoration-color:initial; text-align:left;\"><strong style=\"box-sizing: border-box; border: 0px; font-family: inherit; font-size: 15px; font-style: inherit; font-weight: bold; margin: 0px; outline: 0px; padding: 0px; vertical-align: baseline;\">Stand: 06.04.2021, 22:15<\/strong><br \/>\nPer<span> <\/span><a href=\"https:\/\/www.coronavirus.sachsen.de\/infektionsfaelle-in-sachsen-4151.html\" target=\"_blank\" rel=\"noreferrer noopener\" style=\"box-sizing: border-box; border: 0px; font-family: inherit; font-size: 15px; font-style: inherit; font-weight: inherit; margin: 0px; outline: 0px; padding: 0px; vertical-align: baseline; color: rgb(0, 150, 76); text-decoration: none; transition: all 0.3s ease-in-out 0s;\">Meldung des S\u00e4chsischen Sozialministeriums<\/a><span> <\/span>waren am 6. April insgesamt 1.037 Betten auf Normalstation durch COVID19-Patienten belegt. Der kritische Belastungswert, ab dem die ab heute geltende \u00d6ffnungen nach amtlicher Feststellung zur\u00fcckgenommen werden m\u00fcssten, liegt bei 1.300 Betten. Von einer Orientierung an der 7-Tage-Inzidenz oder verpflichtenden Tests wurde abgesehen.<br \/>\nInsoweit ist ab heute Individualsport einzeln, zu zweit oder in Gruppen \u00e0 20 Personen unter<span> <\/span><em style=\"box-sizing: border-box; border: 0px; font-family: inherit; font-size: 15px; font-style: italic; font-weight: inherit; margin: 0px; outline: 0px; padding: 0px; vertical-align: baseline;\">[\u201ebis einschlie\u00dflich\u201c aus einer fr\u00fcheren Version haben wir ge\u00e4ndert]<\/em><span> <\/span>18 Jahren gestattet. Unter Individualsport sind etwa Pass- und Schuss\u00fcbungen oder Koordinations- und Konditionstraining zu verstehen, jeweils ohne K\u00f6rperkontakt. Gruppentraining kann hierbei auch auf Teilen eines Spielfeldes stattfinden, wobei sicherzustellen ist, dass sich Teilnehmer mehrerer Gruppen nicht vermischen.<br \/>\nVon der Nutzung von Sanit\u00e4r- und Umkleidetrakten ist abzusehen, Spielerinnen und Spieler sollten sich bereits in Sportkleidung am Gel\u00e4nde einfinden. Der Zutritt zur Sportst\u00e4tte ist zudem nur Sporttreibenden und \u00dcbungsleitern\/Vereinsverantwortlichen gestattet.<\/p>\n<p style=\"box-sizing:border-box; border:0px; font-family:Verdana,Geneva,sans-serif; font-size:15px; font-style:normal; font-weight:400; margin:0px0px20px; outline:0px; padding:0px; vertical-align:baseline; color:rgb(34,34,34); font-variant-ligatures:normal; font-variant-caps:normal; letter-spacing:normal; orphans:2text-indent:0px; text-transform:none; white-space:normal; widows:2; word-spacing:0px; -webkit-text-stroke-width:0px; background-color:rgb(255,255,255); text-decoration-thickness:initial; text-decoration-style:initial; text-decoration-color:initial; text-align:left;\"><strong style=\"box-sizing: border-box; border: 0px; font-family: inherit; font-size: 15px; font-style: inherit; font-weight: bold; margin: 0px; outline: 0px; padding: 0px; vertical-align: baseline;\">Stand: 01.04.2021, 19:45<\/strong><br \/>\nDer Landkreis nutzt per 6. April die inzidenzfreie \u00d6ffnung: Individualsport allein oder zu zweit und in Gruppen von bis zu 20 Kindern und Jugendlichen bis zur Vollendung des 18. Lebensjahres im Au\u00dfenbereich, ist erlaubt. Dies gilt entsprechend der vorgehaltenen Bettenkapazit\u00e4t (1.300).<\/p>\n<p style=\"box-sizing:border-box; border:0px; font-family:Verdana,Geneva,sans-serif; font-size:15px; font-style:normal; font-weight:400; margin:0px0px20px; outline:0px; padding:0px; vertical-align:baseline; color:rgb(34,34,34); font-variant-ligatures:normal; font-variant-caps:normal; letter-spacing:normal; orphans:2text-indent:0px; text-transform:none; white-space:normal; widows:2; word-spacing:0px; -webkit-text-stroke-width:0px; background-color:rgb(255,255,255); text-decoration-thickness:initial; text-decoration-style:initial; text-decoration-color:initial; text-align:left;\">Zur neuen Verordnungslage:<span> <\/span><a href=\"https:\/\/bit.ly\/3dr5zTR\" style=\"box-sizing: border-box; border: 0px; font-family: inherit; font-size: 15px; font-style: inherit; font-weight: inherit; margin: 0px; outline: 0px; padding: 0px; vertical-align: baseline; color: rgb(0, 150, 76); text-decoration: none; transition: all 0.3s ease-in-out 0s;\">https:\/\/www.landratsamt-pirna.de\/av-inzidenzwertunabhaengige-lockerungen-mit-der-bekaempfung-22492.html<\/a><\/p>\n<p style=\"box-sizing:border-box; border:0px; font-family:Verdana,Geneva,sans-serif; font-size:15px; font-style:normal; font-weight:400; margin:0px0px20px; outline:0px; padding:0px; vertical-align:baseline; color:rgb(34,34,34); font-variant-ligatures:normal; font-variant-caps:normal; letter-spacing:normal; orphans:2text-indent:0px; text-transform:none; white-space:normal; widows:2; word-spacing:0px; -webkit-text-stroke-width:0px; background-color:rgb(255,255,255); text-decoration-thickness:initial; text-decoration-style:initial; text-decoration-color:initial; text-align:left;\"><strong style=\"box-sizing: border-box; border: 0px; font-family: inherit; font-size: 15px; font-style: inherit; font-weight: bold; margin: 0px; outline: 0px; padding: 0px; vertical-align: baseline;\">Stand: 30.03.2021, 22:05<\/strong><br \/>\nZu den ab 1. April geltenden Bestimmungen f\u00fchrt die neue<span> <\/span><a href=\"https:\/\/www.coronavirus.sachsen.de\/download\/SMS-Saechsische-Corona-Schutz-Verordnung-2021-03-30-gueltig-ab-2021-04-01.pdf\" style=\"box-sizing: border-box; border: 0px; font-family: inherit; font-size: 15px; font-style: inherit; font-weight: inherit; margin: 0px; outline: 0px; padding: 0px; vertical-align: baseline; color: rgb(0, 150, 76); text-decoration: none; transition: all 0.3s ease-in-out 0s;\">Corona-Schutzverordnung<\/a><span> <\/span>aus: Bei Unterschreiten der Sieben-Tage-Inzidenz von 100 k\u00f6nnen die Landkreise und Kreisfreien St\u00e4dte Erleichterungen unter anderem im Bereich des Gruppensports von bis zu 20 Kindern unter 15 Jahren im Au\u00dfenbereich vorsehen. Im Interesse der Praktikabilit\u00e4t wird diese Regelung auf Kinder und Jugendliche unter 18 Jahre erweitert.<\/p>\n<p style=\"box-sizing:border-box; border:0px; font-family:Verdana,Geneva,sans-serif; font-size:15px; font-style:normal; font-weight:400; margin:0px0px20px; outline:0px; padding:0px; vertical-align:baseline; color:rgb(34,34,34); font-variant-ligatures:normal; font-variant-caps:normal; letter-spacing:normal; orphans:2text-indent:0px; text-transform:none; white-space:normal; widows:2; word-spacing:0px; -webkit-text-stroke-width:0px; background-color:rgb(255,255,255); text-decoration-thickness:initial; text-decoration-style:initial; text-decoration-color:initial; text-align:left;\">\u00a78 (3) sagt zudem: Die Landkreise oder Kreisfreien St\u00e4dte k\u00f6nnen die Ma\u00dfnahmen nach Absatz 1 ab dem<span> <\/span><strong style=\"box-sizing: border-box; border: 0px; font-family: inherit; font-size: 15px; font-style: inherit; font-weight: bold; margin: 0px; outline: 0px; padding: 0px; vertical-align: baseline;\">6. April 2021<\/strong><span> <\/span>inzidenzunabh\u00e4ngig erlassen, wenn die maximale Bettenkapazit\u00e4t nach \u00a7 8f Absatz 2 [<em style=\"box-sizing: border-box; border: 0px; font-family: inherit; font-size: 15px; font-style: italic; font-weight: inherit; margin: 0px; outline: 0px; padding: 0px; vertical-align: baseline;\">bezieht sich auf den Sport<\/em>] nicht erreicht ist. Nur f\u00fcr die Ma\u00dfnahmen nach Absatz 1 Satz 1 Nummer 1, 3 und 4 ist u. a. ein Hygiene- und Testkonzept vorzusehen, unter Vorlage eines tagesaktuellen negativen Selbst- oder Schnelltests gew\u00e4hrt wird<span> <\/span><em style=\"box-sizing: border-box; border: 0px; font-family: inherit; font-size: 15px; font-style: italic; font-weight: inherit; margin: 0px; outline: 0px; padding: 0px; vertical-align: baseline;\">[betrifft u. a. Zoos, Museen etc.<\/em>].<\/p>\n<p>Der Landkreis k\u00f6nnte bei den Festlegungen zum Individualsport somit inzidenz- und testunabh\u00e4ngig vorgehen, wird aber entsprechende Bestimmungen in den kommenden Tagen noch selbstst\u00e4ndig festlegen.<\/p>\n<p style=\"box-sizing:border-box; border:0px; font-family:Verdana,Geneva,sans-serif; font-size:15px; font-style:normal; font-weight:400; margin:0px0px20px; outline:0px; padding:0px; vertical-align:baseline; color:rgb(34,34,34); font-variant-ligatures:normal; font-variant-caps:normal; letter-spacing:normal; orphans:2text-indent:0px; text-transform:none; white-space:normal; widows:2; word-spacing:0px; -webkit-text-stroke-width:0px; background-color:rgb(255,255,255); text-decoration-thickness:initial; text-decoration-style:initial; text-decoration-color:initial; text-align:left;\"><strong style=\"box-sizing: border-box; border: 0px; font-family: inherit; font-size: 15px; font-style: inherit; font-weight: bold; margin: 0px; outline: 0px; padding: 0px; vertical-align: baseline;\">Stand: 30.03.2021, 11:00<\/strong><br \/>\nHeute k\u00fcndigte das S\u00e4chsische Staatsministerium f\u00fcr Soziales und Gesellschaftlichen Zusammenhalt auf einer Pressekonferenz Neuerungen in Bezug auf den Sport in Sachsen mit. Hierbei wurde verk\u00fcndet, dass es eine Ver\u00e4nderung des Bemessungsalters auf 18 Jahre geben soll. Detaillierte Informationen hierzu sollen aber noch folgen, bevor die neue Verordnung in Kraft tritt.<\/p>\n<p style=\"box-sizing:border-box; border:0px; font-family:Verdana,Geneva,sans-serif; font-size:15px; font-style:normal; font-weight:400; margin:0px0px20px; outline:0px; padding:0px; vertical-align:baseline; color:rgb(34,34,34); font-variant-ligatures:normal; font-variant-caps:normal; letter-spacing:normal; orphans:2text-indent:0px; text-transform:none; white-space:normal; widows:2; word-spacing:0px; -webkit-text-stroke-width:0px; background-color:rgb(255,255,255); text-decoration-thickness:initial; text-decoration-style:initial; text-decoration-color:initial; text-align:left;\"><strong style=\"box-sizing: border-box; border: 0px; font-family: inherit; font-size: 15px; font-style: inherit; font-weight: bold; margin: 0px; outline: 0px; padding: 0px; vertical-align: baseline;\">Stand: 24.03.2021, 14:30<\/strong><br \/>\nWie das Landratsamt heute in einer Pressemitteilung verk\u00fcndete, werden die Lockerungen mit Geltung zu morgen, 25. M\u00e4rz, zur\u00fcckgenommen. Dies betrifft den Individualsport sowie Sport in Gruppen mit bis zu 20 Personen unter 15 Jahren. Dies ist ab dem morgigen Tag dementsprechend bis auf Weiteres nicht mehr m\u00f6glich.<\/p>\n<p style=\"box-sizing:border-box; border:0px; font-family:Verdana,Geneva,sans-serif; font-size:15px; font-style:normal; font-weight:400; margin:0px0px20px; outline:0px; padding:0px; vertical-align:baseline; color:rgb(34,34,34); font-variant-ligatures:normal; font-variant-caps:normal; letter-spacing:normal; orphans:2text-indent:0px; text-transform:none; white-space:normal; widows:2; word-spacing:0px; -webkit-text-stroke-width:0px; background-color:rgb(255,255,255); text-decoration-thickness:initial; text-decoration-style:initial; text-decoration-color:initial; text-align:left;\">\u00a78 (3) der Verordnung sagt zudem: Die Landkreise oder Kreisfreien St\u00e4dte k\u00f6nnen die Ma\u00dfnahmen nach Absatz 1 ab dem 6. April 2021 inzidenzunabh\u00e4ngig erlassen, wenn die maximale Bettenkapazit\u00e4t nach \u00a7 8f Absatz 2 nicht erreicht ist. F\u00fcr die Ma\u00dfnahmen nach Absatz 1 Satz 1 Nummer 1, 3 und 4 ist ein Hygiene- und Testkonzept vorzusehen, das zus\u00e4tzlich zu den sonstigen Hygieneregelungen nach \u00a7 5 vorsieht, dass Nutzer, Besucher und Kunden dieser Angebote der Zutritt nur unter Vorlage eines tagesaktuellen negativen Selbst- oder Schnelltests gew\u00e4hrt wird.<\/p>\n<p style=\"box-sizing:border-box; border:0px; font-family:Verdana,Geneva,sans-serif; font-size:15px; font-style:normal; font-weight:400; margin:0px0px20px; outline:0px; padding:0px; vertical-align:baseline; color:rgb(34,34,34); font-variant-ligatures:normal; font-variant-caps:normal; letter-spacing:normal; orphans:2text-indent:0px; text-transform:none; white-space:normal; widows:2; word-spacing:0px; -webkit-text-stroke-width:0px; background-color:rgb(255,255,255); text-decoration-thickness:initial; text-decoration-style:initial; text-decoration-color:initial; text-align:left;\"><strong style=\"box-sizing: border-box; border: 0px; font-family: inherit; font-size: 15px; font-style: inherit; font-weight: bold; margin: 0px; outline: 0px; padding: 0px; vertical-align: baseline;\">Stand: 23.03.2021, 19:20<\/strong><br \/>\nWie das Landratsamt S\u00e4chsische Schweiz-Osterzgebirge am Dienstagabend mitteilte, haben die seit 8. M\u00e4rz g\u00fcltigen Regeln f\u00fcr den Infividualsplrt Bestand. Dieser ist somit auch weiterhin allein, zu zweit oder in Gruppen bis 20 Personen unter 15 Jahren erlaubt. Damit soll auch ein st\u00e4ndiger Wechsel der jeweils g\u00fcltigen Regeln vermieden werden.<\/p>\n<p style=\"box-sizing:border-box; border:0px; font-family:Verdana,Geneva,sans-serif; font-size:15px; font-style:normal; font-weight:400; margin:0px0px20px; outline:0px; padding:0px; vertical-align:baseline; color:rgb(34,34,34); font-variant-ligatures:normal; font-variant-caps:normal; letter-spacing:normal; orphans:2text-indent:0px; text-transform:none; white-space:normal; widows:2; word-spacing:0px; -webkit-text-stroke-width:0px; background-color:rgb(255,255,255); text-decoration-thickness:initial; text-decoration-style:initial; text-decoration-color:initial; text-align:left;\"><strong style=\"box-sizing: border-box; border: 0px; font-family: inherit; font-size: 15px; font-style: inherit; font-weight: bold; margin: 0px; outline: 0px; padding: 0px; vertical-align: baseline;\">Stand: 23.03.2021, 13:40<\/strong><br \/>\nDas S\u00e4chsische Sozialministerium hat am Dienstagmittag auf einer Pressekonferenz mitgeteilt, dass bei den Regelungen zum Individualsport (allein oder zu zweit sowie in Gruppen \u00e0 20 Kindern unter 15 Jahren)<span> <\/span><strong style=\"box-sizing: border-box; border: 0px; font-family: inherit; font-size: 15px; font-style: inherit; font-weight: bold; margin: 0px; outline: 0px; padding: 0px; vertical-align: baseline;\">inzidenzunabh\u00e4ngig<\/strong><span><strong style=\"box-sizing: border-box; border: 0px; font-family: inherit; font-size: 15px; font-style: inherit; font-weight: bold; margin: 0px; outline: 0px; padding: 0px; vertical-align: baseline;\"> <\/strong><\/span>im Au\u00dfenbereich trainiert werden kann. Hier wurde die Inzidenzunabh\u00e4ngigkeit neu geregelt.<\/p>\n<p style=\"box-sizing:border-box; border:0px; font-family:Verdana,Geneva,sans-serif; font-size:15px; font-style:normal; font-weight:400; margin:0px0px20px; outline:0px; padding:0px; vertical-align:baseline; color:rgb(34,34,34); font-variant-ligatures:normal; font-variant-caps:normal; letter-spacing:normal; orphans:2text-indent:0px; text-transform:none; white-space:normal; widows:2; word-spacing:0px; -webkit-text-stroke-width:0px; background-color:rgb(255,255,255); text-decoration-thickness:initial; text-decoration-style:initial; text-decoration-color:initial; text-align:left;\">\u00dcber weitere Beschl\u00fcsse des Freistaates hierzu und die Verordnungslage im Landkreis informiert der Kreisverband Fu\u00dfball auf den bekannten Kan\u00e4len, sobald neue Information vorliegen.<\/p>\n<p style=\"box-sizing:border-box; border:0px; font-family:Verdana,Geneva,sans-serif; font-size:15px; font-style:normal; font-weight:400; margin:0px0px20px; outline:0px; padding:0px; vertical-align:baseline; color:rgb(34,34,34); font-variant-ligatures:normal; font-variant-caps:normal; letter-spacing:normal; orphans:2text-indent:0px; text-transform:none; white-space:normal; widows:2; word-spacing:0px; -webkit-text-stroke-width:0px; background-color:rgb(255,255,255); text-decoration-thickness:initial; text-decoration-style:initial; text-decoration-color:initial; text-align:left;\"><strong style=\"box-sizing: border-box; border: 0px; font-family: inherit; font-size: 15px; font-style: inherit; font-weight: bold; margin: 0px; outline: 0px; padding: 0px; vertical-align: baseline;\">Stand: 23.03.2021, 9:00<\/strong><br \/>\nWie das Landratsamt S\u00e4chsische Schweiz-Osterzgebirge am Montag mitteilte, hat der Corona-Inzidenzwert im Landkreis den dritten Tag in Folge binnen einer Woche den Wert von 100 (F\u00e4lle pro 100.000 Einwohner) \u00fcberschritten.<\/p>\n<p style=\"box-sizing:border-box; border:0px; font-family:Verdana,Geneva,sans-serif; font-size:15px; font-style:normal; font-weight:400; margin:0px0px20px; outline:0px; padding:0px; vertical-align:baseline; color:rgb(34,34,34); font-variant-ligatures:normal; font-variant-caps:normal; letter-spacing:normal; orphans:2text-indent:0px; text-transform:none; white-space:normal; widows:2; word-spacing:0px; -webkit-text-stroke-width:0px; background-color:rgb(255,255,255); text-decoration-thickness:initial; text-decoration-style:initial; text-decoration-color:initial; text-align:left;\">Gegen\u00fcber dem Kreisverband Fu\u00dfball gab das Landratsamt am Dienstag an, dass die R\u00fccknahme der Lockerungen (z. B. Sport in Gruppen \u00e0 20 Personen bis 14 Jahre) ab Mittwoch aller Voraussicht nach vollzogen wird, dies aber vonseiten des Landratsamtes erst f\u00f6rmlich, etwa per neuer Allgemeinverf\u00fcgung angezeigt werden m\u00fcsse.<\/p>\n<p style=\"box-sizing:border-box; border:0px; font-family:Verdana,Geneva,sans-serif; font-size:15px; font-style:normal; font-weight:400; margin:0px0px20px; outline:0px; padding:0px; vertical-align:baseline; color:rgb(34,34,34); font-variant-ligatures:normal; font-variant-caps:normal; letter-spacing:normal; orphans:2text-indent:0px; text-transform:none; white-space:normal; widows:2; word-spacing:0px; -webkit-text-stroke-width:0px; background-color:rgb(255,255,255); text-decoration-thickness:initial; text-decoration-style:initial; text-decoration-color:initial; text-align:left;\">Insoweit ist die R\u00fccknahme der Lockerungen im Trainingsbetrieb als<span> <\/span><strong style=\"box-sizing: border-box; border: 0px; font-family: inherit; font-size: 15px; font-style: inherit; font-weight: bold; margin: 0px; outline: 0px; padding: 0px; vertical-align: baseline;\">vorl\u00e4ufige Information<\/strong><span> <\/span>anzusehen, bis eine pr\u00e4zisierende Ver\u00f6ffentlichung erfolgt. Sofern aktualisierte Informationen zum Sachverhalt vorliegen, informiert der Kreisverband Fu\u00dfball \u00fcber die bekannten Kan\u00e4le.<\/p>\n<p style=\"box-sizing:border-box; border:0px; font-family:Verdana,Geneva,sans-serif; font-size:15px; font-style:normal; font-weight:400; margin:0px0px20px; outline:0px; padding:0px; vertical-align:baseline; color:rgb(34,34,34); font-variant-ligatures:normal; font-variant-caps:normal; letter-spacing:normal; orphans:2text-indent:0px; text-transform:none; white-space:normal; widows:2; word-spacing:0px; -webkit-text-stroke-width:0px; background-color:rgb(255,255,255); text-decoration-thickness:initial; text-decoration-style:initial; text-decoration-color:initial; text-align:left;\">Seit 8. M\u00e4rz galten erste Lockerungsschritte f\u00fcr den Sport: So ist seitdem Individualsport allein oder zu zweit sowie in Gruppen von bis zu 20 Kindern bis 14 Jahren im Au\u00dfenbereich\/Au\u00dfensportanlagen wieder erlaubt.<\/p>\n<p>Quelle: kvfsoe.de<\/p>\n","protected":false},"excerpt":{"rendered":"<p>Stand: 02.06.2021, 15:30 Freude \u00fcber Lockerungen, Verwunderung \u00fcber Testpflicht: Mit dem heutigen Tag sind umfangreiche Lockerungen f\u00fcr den Vereinssport in&#46;&#46;&#46;<\/p>\n","protected":false},"author":2,"featured_media":34618,"comment_status":"closed","ping_status":"open","sticky":false,"template":"","format":"standard","meta":{"ngg_post_thumbnail":0,"footnotes":"","_links_to":"","_links_to_target":""},"categories":[1,276],"tags":[],"class_list":["post-35848","post","type-post","status-publish","format-standard","has-post-thumbnail","hentry","category-allgemein","category-vorschau-2020-21"],"_links":{"self":[{"href":"https:\/\/www.fsv-dippoldiswalde.de\/de\/wp-json\/wp\/v2\/posts\/35848","targetHints":{"allow":["GET"]}}],"collection":[{"href":"https:\/\/www.fsv-dippoldiswalde.de\/de\/wp-json\/wp\/v2\/posts"}],"about":[{"href":"https:\/\/www.fsv-dippoldiswalde.de\/de\/wp-json\/wp\/v2\/types\/post"}],"author":[{"embeddable":true,"href":"https:\/\/www.fsv-dippoldiswalde.de\/de\/wp-json\/wp\/v2\/users\/2"}],"replies":[{"embeddable":true,"href":"https:\/\/www.fsv-dippoldiswalde.de\/de\/wp-json\/wp\/v2\/comments?post=35848"}],"version-history":[{"count":5,"href":"https:\/\/www.fsv-dippoldiswalde.de\/de\/wp-json\/wp\/v2\/posts\/35848\/revisions"}],"predecessor-version":[{"id":35914,"href":"https:\/\/www.fsv-dippoldiswalde.de\/de\/wp-json\/wp\/v2\/posts\/35848\/revisions\/35914"}],"wp:featuredmedia":[{"embeddable":true,"href":"https:\/\/www.fsv-dippoldiswalde.de\/de\/wp-json\/wp\/v2\/media\/34618"}],"wp:attachment":[{"href":"https:\/\/www.fsv-dippoldiswalde.de\/de\/wp-json\/wp\/v2\/media?parent=35848"}],"wp:term":[{"taxonomy":"category","embeddable":true,"href":"https:\/\/www.fsv-dippoldiswalde.de\/de\/wp-json\/wp\/v2\/categories?post=35848"},{"taxonomy":"post_tag","embeddable":true,"href":"https:\/\/www.fsv-dippoldiswalde.de\/de\/wp-json\/wp\/v2\/tags?post=35848"}],"curies":[{"name":"wp","href":"https:\/\/api.w.org\/{rel}","templated":true}]}}