{"id":35662,"date":"2020-10-29T16:41:57","date_gmt":"2020-10-29T15:41:57","guid":{"rendered":"https:\/\/www.fsv-dippoldiswalde.de\/de\/?p=35662"},"modified":"2020-12-04T12:27:28","modified_gmt":"2020-12-04T11:27:28","slug":"fussballbetrieb-ruht-erneut","status":"publish","type":"post","link":"https:\/\/www.fsv-dippoldiswalde.de\/de\/fussballbetrieb-ruht-erneut\/","title":{"rendered":"Fu\u00dfballbetrieb ruht erneut"},"content":{"rendered":"<p style=\"box-sizing:border-box; border:0px; font-family:Verdana,Geneva,sans-serif; font-size:15px; font-style:normal; font-weight:400; margin:0px0px20px; outline:0px; padding:0px; vertical-align:baseline; color:rgb(34,34,34); font-variant-ligatures:normal; font-variant-caps:normal; letter-spacing:normal; orphans:2text-indent:0px; text-transform:none; white-space:normal; widows:2; word-spacing:0px; -webkit-text-stroke-width:0px; background-color:rgb(255,255,255); text-decoration-style:initial; text-decoration-color:initial; text-align:left;\">Nach den gestrigen Beschl\u00fcssen zur Corona-Pandemie steht fest, dass der Amateursport auch im Kreisverband Fu\u00dfball (KVF) voraussichtlich bis Ende November zum Erliegen kommt. Davon ist auch der Spiel- und Trainingsbetrieb im Landkreis S\u00e4chsische Schweiz-Osterzgebirge betroffen.<\/p>\n<p style=\"box-sizing:border-box; border:0px; font-family:Verdana,Geneva,sans-serif; font-size:15px; font-style:normal; font-weight:400; margin:0px0px20px; outline:0px; padding:0px; vertical-align:baseline; color:rgb(34,34,34); font-variant-ligatures:normal; font-variant-caps:normal; letter-spacing:normal; orphans:2text-indent:0px; text-transform:none; white-space:normal; widows:2; word-spacing:0px; -webkit-text-stroke-width:0px; background-color:rgb(255,255,255); text-decoration-style:initial; text-decoration-color:initial; text-align:left;\">KVF-Pr\u00e4sident Julian Schiebe: \u201eDie neuerlichen Beschl\u00fcsse sind ein herber R\u00fcckschlag f\u00fcr den Amateursport. Unsere Mitglieder haben sich in den vergangenen Monaten diszipliniert verhalten, Hygienekonzepte erarbeitet und umgesetzt, um der aktuellen Situation Rechnung zu tragen. Vor allem f\u00fcr unsere Nachwuchssportler, f\u00fcr die der Fu\u00dfball einen wichtigen Ausgleich zum Schulalltag bedeutet, bedauere ich die Entscheidung sehr.\u201c<\/p>\n<p style=\"box-sizing:border-box; border:0px; font-family:Verdana,Geneva,sans-serif; font-size:15px; font-style:normal; font-weight:400; margin:0px0px20px; outline:0px; padding:0px; vertical-align:baseline; color:rgb(34,34,34); font-variant-ligatures:normal; font-variant-caps:normal; letter-spacing:normal; orphans:2text-indent:0px; text-transform:none; white-space:normal; widows:2; word-spacing:0px; -webkit-text-stroke-width:0px; background-color:rgb(255,255,255); text-decoration-style:initial; text-decoration-color:initial; text-align:left;\">Das KVF-Pr\u00e4sidium hat sich darauf verst\u00e4ndigt, alle Spiele vom 02. bis 15. November 2020 abzusetzen. Die Ergebnisse des Evaluierungsgespr\u00e4ches zwischen Ministerpr\u00e4sidenten und Bundesregierung in der darauffolgenden Woche werden dann das weitere Vorgehen leiten. Bis einschlie\u00dflich 30. November werden zudem alle Pr\u00e4senzveranstaltungen abgesagt. Das kommende Wochenende (31.10.\/01.11.) ist hiervon zun\u00e4chst nicht betroffen. Sollte sich die Verordnungslage in Land und Kreis \u00e4ndern, informiert der Kreisverband Fu\u00dfball gesondert.<\/p>\n<p style=\"box-sizing:border-box; border:0px; font-family:Verdana,Geneva,sans-serif; font-size:15px; font-style:normal; font-weight:400; margin:0px0px20px; outline:0px; padding:0px; vertical-align:baseline; color:rgb(34,34,34); font-variant-ligatures:normal; font-variant-caps:normal; letter-spacing:normal; orphans:2text-indent:0px; text-transform:none; white-space:normal; widows:2; word-spacing:0px; -webkit-text-stroke-width:0px; background-color:rgb(255,255,255); text-decoration-style:initial; text-decoration-color:initial; text-align:left;\">29.10.2020<\/p>\n<p><em>Quelle: kvfsoe<\/em><\/p>\n","protected":false},"excerpt":{"rendered":"<p>Nach den gestrigen Beschl\u00fcssen zur Corona-Pandemie steht fest, dass der Amateursport auch im Kreisverband Fu\u00dfball (KVF) voraussichtlich bis Ende November&#46;&#46;&#46;<\/p>\n","protected":false},"author":2,"featured_media":34598,"comment_status":"closed","ping_status":"open","sticky":false,"template":"","format":"standard","meta":{"ngg_post_thumbnail":0,"footnotes":"","_links_to":"","_links_to_target":""},"categories":[1,276],"tags":[],"class_list":["post-35662","post","type-post","status-publish","format-standard","has-post-thumbnail","hentry","category-allgemein","category-vorschau-2020-21"],"_links":{"self":[{"href":"https:\/\/www.fsv-dippoldiswalde.de\/de\/wp-json\/wp\/v2\/posts\/35662","targetHints":{"allow":["GET"]}}],"collection":[{"href":"https:\/\/www.fsv-dippoldiswalde.de\/de\/wp-json\/wp\/v2\/posts"}],"about":[{"href":"https:\/\/www.fsv-dippoldiswalde.de\/de\/wp-json\/wp\/v2\/types\/post"}],"author":[{"embeddable":true,"href":"https:\/\/www.fsv-dippoldiswalde.de\/de\/wp-json\/wp\/v2\/users\/2"}],"replies":[{"embeddable":true,"href":"https:\/\/www.fsv-dippoldiswalde.de\/de\/wp-json\/wp\/v2\/comments?post=35662"}],"version-history":[{"count":2,"href":"https:\/\/www.fsv-dippoldiswalde.de\/de\/wp-json\/wp\/v2\/posts\/35662\/revisions"}],"predecessor-version":[{"id":35664,"href":"https:\/\/www.fsv-dippoldiswalde.de\/de\/wp-json\/wp\/v2\/posts\/35662\/revisions\/35664"}],"wp:featuredmedia":[{"embeddable":true,"href":"https:\/\/www.fsv-dippoldiswalde.de\/de\/wp-json\/wp\/v2\/media\/34598"}],"wp:attachment":[{"href":"https:\/\/www.fsv-dippoldiswalde.de\/de\/wp-json\/wp\/v2\/media?parent=35662"}],"wp:term":[{"taxonomy":"category","embeddable":true,"href":"https:\/\/www.fsv-dippoldiswalde.de\/de\/wp-json\/wp\/v2\/categories?post=35662"},{"taxonomy":"post_tag","embeddable":true,"href":"https:\/\/www.fsv-dippoldiswalde.de\/de\/wp-json\/wp\/v2\/tags?post=35662"}],"curies":[{"name":"wp","href":"https:\/\/api.w.org\/{rel}","templated":true}]}}