{"id":35441,"date":"2020-09-27T11:52:28","date_gmt":"2020-09-27T09:52:28","guid":{"rendered":"https:\/\/www.fsv-dippoldiswalde.de\/de\/?p=35441"},"modified":"2020-09-27T12:44:01","modified_gmt":"2020-09-27T10:44:01","slug":"fsv-mit-bei-75-jahre-vw-autohaus-liliensiek-dabei","status":"publish","type":"post","link":"https:\/\/www.fsv-dippoldiswalde.de\/de\/fsv-mit-bei-75-jahre-vw-autohaus-liliensiek-dabei\/","title":{"rendered":"FSV mit bei 75 Jahre VW Autohaus Liliensiek dabei"},"content":{"rendered":"<p><a class=\"ngg-fancybox\" title=\" \" href=\"https:\/\/www.fsv-dippoldiswalde.de\/de\/wp-content\/gallery\/vw-fest-75-jahre-autohaus-liliensiek\/26.09.2020-20200926_114549-Saison-2020_21.jpg\" rel=\"\" data-image-id=\"12069\" data-src=\"https:\/\/www.fsv-dippoldiswalde.de\/de\/wp-content\/gallery\/vw-fest-75-jahre-autohaus-liliensiek\/26.09.2020-20200926_114549-Saison-2020_21.jpg\" data-thumbnail=\"https:\/\/www.fsv-dippoldiswalde.de\/de\/wp-content\/gallery\/vw-fest-75-jahre-autohaus-liliensiek\/thumbs\/thumbs_26.09.2020-20200926_114549-Saison-2020_21.jpg\" data-title=\"26.09.2020-20200926_114549-Saison-2020_21\" data-description=\" \"><img decoding=\"async\" class=\"ngg-singlepic ngg-none alignleft\" src=\"https:\/\/www.fsv-dippoldiswalde.de\/de\/wp-content\/gallery\/vw-fest-75-jahre-autohaus-liliensiek\/thumbs\/thumbs_26.09.2020-20200926_114549-Saison-2020_21.jpg\" alt=\"26.09.2020-20200926_114549-Saison-2020_21\"><\/a>Am Samstag, den 26.09.2020, feierte unser Premiumsponsor VW Autohaus Liliensiek sein 75. Firmenjubil\u00e4um. Neben der Premiere des neuen VW ID.3&nbsp; und weiteren Attraktionen des Autohauses, durften wir uns mit unserer Torwand und unseren kleinen Nachwuchskickern pr\u00e4sentieren. Leider hatte uns allen Petrus ein Strich durch die Rechnung gemacht, denn es regnete den ganzen Tag durch, so dass wir alles reduzierten auf ein Torwandschiessen. Wo der Nachwuchs und nat\u00fcrlich auch die M\u00e4nnerspieler bzw. Trainer ihr K\u00f6nnen zeigen durften. Am Ende war nat\u00fcrlich jedes Kind ein Gewinner und bekam von Gesch\u00e4ftsf\u00fchrer Daniel Liliensiek ein Pr\u00e4sent. Die 1. M\u00e4nnermannschaft bedankte sich bei Daniel Liliensiek f\u00fcr die jahrelange Unterst\u00fctzung und sehr gute Zusammenarbeit mit einem Blumengru\u00df.<\/p>\n<p>Der FSV w\u00fcnscht dem Autohaus Liliensiek und seinen Mitarbeiten alles alles Gute und auf die n\u00e4chsten 25 Jahre viel Erfolg und Schaffenskraft.<\/p>\n<p><a href=\"https:\/\/www.fsv-dippoldiswalde.de\/de\/wp-content\/uploads\/2020\/09\/Teilstueck-1.2.3.jpeg\"><img fetchpriority=\"high\" decoding=\"async\" class=\"size-full wp-image-35390 aligncenter\" src=\"https:\/\/www.fsv-dippoldiswalde.de\/de\/wp-content\/uploads\/2020\/09\/Teilstueck-1.2.3.jpeg\" alt=\"\" width=\"384\" height=\"201\" srcset=\"https:\/\/www.fsv-dippoldiswalde.de\/de\/wp-content\/uploads\/2020\/09\/Teilstueck-1.2.3.jpeg 384w, https:\/\/www.fsv-dippoldiswalde.de\/de\/wp-content\/uploads\/2020\/09\/Teilstueck-1.2.3-300x157.jpeg 300w, https:\/\/www.fsv-dippoldiswalde.de\/de\/wp-content\/uploads\/2020\/09\/Teilstueck-1.2.3-128x67.jpeg 128w, https:\/\/www.fsv-dippoldiswalde.de\/de\/wp-content\/uploads\/2020\/09\/Teilstueck-1.2.3-32x17.jpeg 32w\" sizes=\"(max-width: 384px) 100vw, 384px\" \/><\/a><\/p>\nngg_shortcode_0_placeholder\n","protected":false},"excerpt":{"rendered":"<p>Am Samstag, den 26.09.2020, feierte unser Premiumsponsor VW Autohaus Liliensiek sein 75. Firmenjubil\u00e4um. Neben der Premiere des neuen VW ID.3&nbsp;&#46;&#46;&#46;<\/p>\n","protected":false},"author":2,"featured_media":35460,"comment_status":"closed","ping_status":"open","sticky":false,"template":"","format":"standard","meta":{"ngg_post_thumbnail":0,"footnotes":"","_links_to":"","_links_to_target":""},"categories":[1,4],"tags":[],"class_list":["post-35441","post","type-post","status-publish","format-standard","has-post-thumbnail","hentry","category-allgemein","category-sponsoren"],"_links":{"self":[{"href":"https:\/\/www.fsv-dippoldiswalde.de\/de\/wp-json\/wp\/v2\/posts\/35441","targetHints":{"allow":["GET"]}}],"collection":[{"href":"https:\/\/www.fsv-dippoldiswalde.de\/de\/wp-json\/wp\/v2\/posts"}],"about":[{"href":"https:\/\/www.fsv-dippoldiswalde.de\/de\/wp-json\/wp\/v2\/types\/post"}],"author":[{"embeddable":true,"href":"https:\/\/www.fsv-dippoldiswalde.de\/de\/wp-json\/wp\/v2\/users\/2"}],"replies":[{"embeddable":true,"href":"https:\/\/www.fsv-dippoldiswalde.de\/de\/wp-json\/wp\/v2\/comments?post=35441"}],"version-history":[{"count":6,"href":"https:\/\/www.fsv-dippoldiswalde.de\/de\/wp-json\/wp\/v2\/posts\/35441\/revisions"}],"predecessor-version":[{"id":35482,"href":"https:\/\/www.fsv-dippoldiswalde.de\/de\/wp-json\/wp\/v2\/posts\/35441\/revisions\/35482"}],"wp:featuredmedia":[{"embeddable":true,"href":"https:\/\/www.fsv-dippoldiswalde.de\/de\/wp-json\/wp\/v2\/media\/35460"}],"wp:attachment":[{"href":"https:\/\/www.fsv-dippoldiswalde.de\/de\/wp-json\/wp\/v2\/media?parent=35441"}],"wp:term":[{"taxonomy":"category","embeddable":true,"href":"https:\/\/www.fsv-dippoldiswalde.de\/de\/wp-json\/wp\/v2\/categories?post=35441"},{"taxonomy":"post_tag","embeddable":true,"href":"https:\/\/www.fsv-dippoldiswalde.de\/de\/wp-json\/wp\/v2\/tags?post=35441"}],"curies":[{"name":"wp","href":"https:\/\/api.w.org\/{rel}","templated":true}]}}