{"id":34619,"date":"2020-05-11T12:27:02","date_gmt":"2020-05-11T10:27:02","guid":{"rendered":"https:\/\/www.fsv-dippoldiswalde.de\/de\/?p=34619"},"modified":"2020-05-14T17:27:35","modified_gmt":"2020-05-14T15:27:35","slug":"kreisverband-beendet-ligaspielzeit","status":"publish","type":"post","link":"https:\/\/www.fsv-dippoldiswalde.de\/de\/kreisverband-beendet-ligaspielzeit\/","title":{"rendered":"Kreisverband Beendet Ligaspielzeit"},"content":{"rendered":"<p style=\"box-sizing: border-box; border: 0px; font-family: Verdana, Geneva, sans-serif; font-size: 15px; font-style: normal; font-weight: 400; margin: 0px 0px 20px; outline: 0px; padding: 0px; vertical-align: baseline; color: rgb(34, 34, 34); font-variant-ligatures: normal; font-variant-caps: normal; letter-spacing: normal; orphans: 2; text-align: start; text-indent: 0px; text-transform: none; white-space: normal; widows: 2; word-spacing: 0px; -webkit-text-stroke-width: 0px; background-color: rgb(255, 255, 255); text-decoration-style: initial; text-decoration-color: initial;\">Der KVF-Vorstand hat sich am Sonntagabend darauf verst\u00e4ndigt, die Saison zum 30. Juni 2020 zu beenden und den Ligaspielbetrieb bis dahin nicht wieder aufzunehmen. Er folgt damit der Empfehlung des S\u00e4chsischen Fu\u00dfball-Verbandes und seiner Gremien.<\/p>\n<p style=\"box-sizing: border-box; border: 0px; font-family: Verdana, Geneva, sans-serif; font-size: 15px; font-style: normal; font-weight: 400; margin: 0px 0px 20px; outline: 0px; padding: 0px; vertical-align: baseline; color: rgb(34, 34, 34); font-variant-ligatures: normal; font-variant-caps: normal; letter-spacing: normal; orphans: 2; text-align: start; text-indent: 0px; text-transform: none; white-space: normal; widows: 2; word-spacing: 0px; -webkit-text-stroke-width: 0px; background-color: rgb(255, 255, 255); text-decoration-style: initial; text-decoration-color: initial;\">Die Saison war am 13. M\u00e4rz bis auf Weiteres unterbrochen wurden. In Folge der Covid-19-Pandemie und den Ma\u00dfgaben der Gesundheitsbeh\u00f6rden war weder ein Spielbetrieb m\u00f6glich, noch ist eine zeitnahe Ver\u00e4nderung der Lage absehbar, die eine regul\u00e4re Beendigung der Saison erm\u00f6glichen w\u00fcrde.<\/p>\n<p style=\"box-sizing: border-box; border: 0px; font-family: Verdana, Geneva, sans-serif; font-size: 15px; font-style: normal; font-weight: 400; margin: 0px 0px 20px; outline: 0px; padding: 0px; vertical-align: baseline; color: rgb(34, 34, 34); font-variant-ligatures: normal; font-variant-caps: normal; letter-spacing: normal; orphans: 2; text-align: start; text-indent: 0px; text-transform: none; white-space: normal; widows: 2; word-spacing: 0px; -webkit-text-stroke-width: 0px; background-color: rgb(255, 255, 255); text-decoration-style: initial; text-decoration-color: initial;\">Der KVF-Beschluss gilt f\u00fcr die Ligawettbewerbe im Kreisspielbetrieb der Herren und Junioren. F\u00fcr den Damenbereich wird ein entsprechender Beschluss des Co-Ausrichtenden Stadtverband Fu\u00dfball Dresden zeitnah erwartet.<\/p>\n<p style=\"box-sizing: border-box; border: 0px; font-family: Verdana, Geneva, sans-serif; font-size: 15px; font-style: normal; font-weight: 400; margin: 0px 0px 20px; outline: 0px; padding: 0px; vertical-align: baseline; color: rgb(34, 34, 34); font-variant-ligatures: normal; font-variant-caps: normal; letter-spacing: normal; orphans: 2; text-align: start; text-indent: 0px; text-transform: none; white-space: normal; widows: 2; word-spacing: 0px; -webkit-text-stroke-width: 0px; background-color: rgb(255, 255, 255); text-decoration-style: initial; text-decoration-color: initial;\">Die rahmensetzenden Ordnungs\u00e4nderungen und Beschl\u00fcsse des SFV werden im Laufe des Montags erwartet. Konkretisierungen f\u00fcr die Kreisebene werden in der Folge zeitnah mitgeteilt.<\/p>\n<p style=\"box-sizing: border-box; border: 0px; font-family: Verdana, Geneva, sans-serif; font-size: 15px; font-style: normal; font-weight: 400; margin: 0px 0px 20px; outline: 0px; padding: 0px; vertical-align: baseline; color: rgb(34, 34, 34); font-variant-ligatures: normal; font-variant-caps: normal; letter-spacing: normal; orphans: 2; text-align: start; text-indent: 0px; text-transform: none; white-space: normal; widows: 2; word-spacing: 0px; -webkit-text-stroke-width: 0px; background-color: rgb(255, 255, 255); text-decoration-style: initial; text-decoration-color: initial;\">Der Pokalwettbewerb ist vom Beschluss vorerst nicht betroffen. Eine Entscheidung zur weiteren Durchf\u00fchrung orientiert sich an den Vorgaben der lokalen und Landesbeh\u00f6rden.<\/p>\n<p><em>Quelle: KVF SOE<\/em><\/p>\n","protected":false},"excerpt":{"rendered":"<p>Der KVF-Vorstand hat sich am Sonntagabend darauf verst\u00e4ndigt, die Saison zum 30. Juni 2020 zu beenden und den Ligaspielbetrieb bis&#46;&#46;&#46;<\/p>\n","protected":false},"author":2,"featured_media":34618,"comment_status":"closed","ping_status":"open","sticky":false,"template":"","format":"standard","meta":{"ngg_post_thumbnail":0,"footnotes":"","_links_to":"","_links_to_target":""},"categories":[1],"tags":[],"class_list":["post-34619","post","type-post","status-publish","format-standard","has-post-thumbnail","hentry","category-allgemein"],"_links":{"self":[{"href":"https:\/\/www.fsv-dippoldiswalde.de\/de\/wp-json\/wp\/v2\/posts\/34619","targetHints":{"allow":["GET"]}}],"collection":[{"href":"https:\/\/www.fsv-dippoldiswalde.de\/de\/wp-json\/wp\/v2\/posts"}],"about":[{"href":"https:\/\/www.fsv-dippoldiswalde.de\/de\/wp-json\/wp\/v2\/types\/post"}],"author":[{"embeddable":true,"href":"https:\/\/www.fsv-dippoldiswalde.de\/de\/wp-json\/wp\/v2\/users\/2"}],"replies":[{"embeddable":true,"href":"https:\/\/www.fsv-dippoldiswalde.de\/de\/wp-json\/wp\/v2\/comments?post=34619"}],"version-history":[{"count":1,"href":"https:\/\/www.fsv-dippoldiswalde.de\/de\/wp-json\/wp\/v2\/posts\/34619\/revisions"}],"predecessor-version":[{"id":34620,"href":"https:\/\/www.fsv-dippoldiswalde.de\/de\/wp-json\/wp\/v2\/posts\/34619\/revisions\/34620"}],"wp:featuredmedia":[{"embeddable":true,"href":"https:\/\/www.fsv-dippoldiswalde.de\/de\/wp-json\/wp\/v2\/media\/34618"}],"wp:attachment":[{"href":"https:\/\/www.fsv-dippoldiswalde.de\/de\/wp-json\/wp\/v2\/media?parent=34619"}],"wp:term":[{"taxonomy":"category","embeddable":true,"href":"https:\/\/www.fsv-dippoldiswalde.de\/de\/wp-json\/wp\/v2\/categories?post=34619"},{"taxonomy":"post_tag","embeddable":true,"href":"https:\/\/www.fsv-dippoldiswalde.de\/de\/wp-json\/wp\/v2\/tags?post=34619"}],"curies":[{"name":"wp","href":"https:\/\/api.w.org\/{rel}","templated":true}]}}