{"id":34127,"date":"2020-02-12T19:03:44","date_gmt":"2020-02-12T18:03:44","guid":{"rendered":"https:\/\/www.fsv-dippoldiswalde.de\/de\/?p=34127"},"modified":"2020-02-12T19:05:06","modified_gmt":"2020-02-12T18:05:06","slug":"neue-trikots-fuer-unsere-d2-jugend","status":"publish","type":"post","link":"https:\/\/www.fsv-dippoldiswalde.de\/de\/neue-trikots-fuer-unsere-d2-jugend\/","title":{"rendered":"Neue Trikots f\u00fcr unsere D2-Jugend"},"content":{"rendered":"<p><a class=\"ngg-fancybox\" title=\" \" href=\"https:\/\/www.fsv-dippoldiswalde.de\/de\/wp-content\/gallery\/d2-jugend-trikotuebergabe-ah-liliensiek\/12.02.2020-20200212_170137-Saison-2019_20.jpg\" rel=\"\" data-image-id=\"11688\" data-src=\"https:\/\/www.fsv-dippoldiswalde.de\/de\/wp-content\/gallery\/d2-jugend-trikotuebergabe-ah-liliensiek\/12.02.2020-20200212_170137-Saison-2019_20.jpg\" data-thumbnail=\"https:\/\/www.fsv-dippoldiswalde.de\/de\/wp-content\/gallery\/d2-jugend-trikotuebergabe-ah-liliensiek\/thumbs\/thumbs_12.02.2020-20200212_170137-Saison-2019_20.jpg\" data-title=\"12.02.2020-20200212_170137-Saison-2019_20\" data-description=\" \"><img decoding=\"async\" class=\"ngg-singlepic ngg-none alignleft\" src=\"https:\/\/www.fsv-dippoldiswalde.de\/de\/wp-content\/gallery\/d2-jugend-trikotuebergabe-ah-liliensiek\/thumbs\/thumbs_12.02.2020-20200212_170137-Saison-2019_20.jpg\" alt=\"12.02.2020-20200212_170137-Saison-2019_20\"><\/a>Am heutigen Mittwoch, den 12.02.2020, bekamen unsere Kicker der D2-Jugend von unserem Premiumsponsor VW Autohaus Liliensiek, in Person von Gesch\u00e4ftsf\u00fchrer Daniel Liliensiek, die langersehnte neue Trikotgarnitur \u00fcbergeben. Mit \u00fcberw\u00e4ltigter Freude nahmen die Jungs ihre neue Spielkleidung entgegen. Wir bedanken uns recht herzlich daf\u00fcr und f\u00fcr die jahrelange hervorragende Zusammenarbeit.<\/p>\n<p>&nbsp;<\/p>\n<p>&nbsp;<\/p>\n<p>&nbsp;<\/p>\nngg_shortcode_0_placeholder\n","protected":false},"excerpt":{"rendered":"<p>Am heutigen Mittwoch, den 12.02.2020, bekamen unsere Kicker der D2-Jugend von unserem Premiumsponsor VW Autohaus Liliensiek, in Person von Gesch\u00e4ftsf\u00fchrer&#46;&#46;&#46;<\/p>\n","protected":false},"author":2,"featured_media":34128,"comment_status":"closed","ping_status":"open","sticky":false,"template":"","format":"standard","meta":{"ngg_post_thumbnail":0,"footnotes":"","_links_to":"","_links_to_target":""},"categories":[1,4],"tags":[],"class_list":["post-34127","post","type-post","status-publish","format-standard","has-post-thumbnail","hentry","category-allgemein","category-sponsoren"],"_links":{"self":[{"href":"https:\/\/www.fsv-dippoldiswalde.de\/de\/wp-json\/wp\/v2\/posts\/34127","targetHints":{"allow":["GET"]}}],"collection":[{"href":"https:\/\/www.fsv-dippoldiswalde.de\/de\/wp-json\/wp\/v2\/posts"}],"about":[{"href":"https:\/\/www.fsv-dippoldiswalde.de\/de\/wp-json\/wp\/v2\/types\/post"}],"author":[{"embeddable":true,"href":"https:\/\/www.fsv-dippoldiswalde.de\/de\/wp-json\/wp\/v2\/users\/2"}],"replies":[{"embeddable":true,"href":"https:\/\/www.fsv-dippoldiswalde.de\/de\/wp-json\/wp\/v2\/comments?post=34127"}],"version-history":[{"count":7,"href":"https:\/\/www.fsv-dippoldiswalde.de\/de\/wp-json\/wp\/v2\/posts\/34127\/revisions"}],"predecessor-version":[{"id":34135,"href":"https:\/\/www.fsv-dippoldiswalde.de\/de\/wp-json\/wp\/v2\/posts\/34127\/revisions\/34135"}],"wp:featuredmedia":[{"embeddable":true,"href":"https:\/\/www.fsv-dippoldiswalde.de\/de\/wp-json\/wp\/v2\/media\/34128"}],"wp:attachment":[{"href":"https:\/\/www.fsv-dippoldiswalde.de\/de\/wp-json\/wp\/v2\/media?parent=34127"}],"wp:term":[{"taxonomy":"category","embeddable":true,"href":"https:\/\/www.fsv-dippoldiswalde.de\/de\/wp-json\/wp\/v2\/categories?post=34127"},{"taxonomy":"post_tag","embeddable":true,"href":"https:\/\/www.fsv-dippoldiswalde.de\/de\/wp-json\/wp\/v2\/tags?post=34127"}],"curies":[{"name":"wp","href":"https:\/\/api.w.org\/{rel}","templated":true}]}}