{"id":33713,"date":"2020-01-05T16:19:23","date_gmt":"2020-01-05T15:19:23","guid":{"rendered":"https:\/\/www.fsv-dippoldiswalde.de\/de\/?p=33713"},"modified":"2020-01-05T16:19:23","modified_gmt":"2020-01-05T15:19:23","slug":"5-01-20-d1-jugend-beim-landesklassen-hallenturnier-in-groeditz","status":"publish","type":"post","link":"https:\/\/www.fsv-dippoldiswalde.de\/de\/5-01-20-d1-jugend-beim-landesklassen-hallenturnier-in-groeditz\/","title":{"rendered":"5.01.20 D1-Jugend beim Landesklassen-Hallenturnier in Gr\u00f6ditz"},"content":{"rendered":"<p><a class=\"ngg-fancybox\" title=\" \" href=\"https:\/\/www.fsv-dippoldiswalde.de\/de\/wp-content\/gallery\/d1-jugend-hallenturnier-in-groeditz-2020\/05.01.2020-20200104_135715_resized-Saison-2019_20.jpg\" rel=\"\" data-image-id=\"11489\" data-src=\"https:\/\/www.fsv-dippoldiswalde.de\/de\/wp-content\/gallery\/d1-jugend-hallenturnier-in-groeditz-2020\/05.01.2020-20200104_135715_resized-Saison-2019_20.jpg\" data-thumbnail=\"https:\/\/www.fsv-dippoldiswalde.de\/de\/wp-content\/gallery\/d1-jugend-hallenturnier-in-groeditz-2020\/thumbs\/thumbs_05.01.2020-20200104_135715_resized-Saison-2019_20.jpg\" data-title=\"05.01.2020-20200104_135715_resized-Saison-2019_20\" data-description=\" \"><img decoding=\"async\" class=\"ngg-singlepic ngg-none alignleft\" src=\"https:\/\/www.fsv-dippoldiswalde.de\/de\/wp-content\/gallery\/d1-jugend-hallenturnier-in-groeditz-2020\/thumbs\/thumbs_05.01.2020-20200104_135715_resized-Saison-2019_20.jpg\" alt=\"05.01.2020-20200104_135715_resized-Saison-2019_20\"><\/a>Unsere D1-Jugend ist mit einem Highlight in die diesj\u00e4hrige Hallensaison gestartet.&nbsp;<\/p>\n<p>Wir folgten der Einladung des JFV Elster-R\u00f6der und trafen in Gr\u00f6ditz ausschlie\u00dflich auf Teams aus der Landesklasse Mitte.&nbsp;Leider sagte Gelb-Wei\u00df G\u00f6rlitz kurzfristig ab weshalb der Spielmodus angepasst werden musste. So hie\u00df es &#8220;Jeder gegen jeden&#8221; und das ganze gleich zweimal, also sechs Spiele \u00e0 14 Minuten.<\/p>\n<p>Das erste Spiel ging gegen Stahl Riesa mit 1-3 verloren. Im Spiel gegen den D\u00f6belner SC erk\u00e4mpften sich die Jungs ein 2-2. Im Spiel gegen die beste Truppe im Turnier und aktuellen Spitzenreiter der Landesklasse JFV Elster-R\u00f6der gingen wir mit 1-0 in F\u00fchrung und sorgten damit in der gesamten Halle f\u00fcr gro\u00dfes Staunen. Am Ende ging das Spiel knapp mit 1-2 verloren.<\/p>\n<p>In die R\u00fcckrunde sind wir dann mit mehr Selbstvertrauen gestartet. Gegen Riesa hatten wir 3x in F\u00fchrung gelegen und bekommen leider ganze 3 Sekunden vorm Abpfiff den Ausgleich zum 4-4. Da hingen kurzzeitig die K\u00f6pfe der Kinder. Ganz klar aber weiter ging es&#8230; Gegen D\u00f6beln k\u00e4mpften eure Jungs erneut wie die L\u00f6wen und wieder reichte es nicht zum Sieg. 5 Sekunden vorm Abpfiff fiel der Ausgleich zum 1-1. Welch ein Pech. Schade. Das letzte Spiel gegen den Turniersieger ging dann klar mit 0-6 verloren. Die Kraft war einfach weg.<\/p>\n<p>&nbsp;<\/p>\n<p>Sehr erfreulich war die Erkenntnis mit solchen Mannschaften teilweise mithalten zu k\u00f6nnen und die k\u00e4mpferische Einstellung am heutigen Tag.<\/p>\n<p>Als bester Torh\u00fcter und bester Spieler des Turniers wurden unsere beiden Leon\u00b4s, Leon Golde und Leon Waneck, ausgezeichnet. Herzlichen Gl\u00fcckwunsch!&nbsp;<\/p>\n<p>&nbsp;<\/p>\n<p>F\u00fcr die D1-Jugend spielten:<\/p>\n<p>Leon G., Jakob, Till, Richard,&nbsp; Robin, Leon W., Leonhardt<\/p>\n<p>&nbsp;<\/p>\nngg_shortcode_0_placeholder\n<p>&nbsp;<\/p>\n","protected":false},"excerpt":{"rendered":"<p>Unsere D1-Jugend ist mit einem Highlight in die diesj\u00e4hrige Hallensaison gestartet.&nbsp; Wir folgten der Einladung des JFV Elster-R\u00f6der und trafen&#46;&#46;&#46;<\/p>\n","protected":false},"author":2,"featured_media":33714,"comment_status":"closed","ping_status":"open","sticky":false,"template":"","format":"standard","meta":{"ngg_post_thumbnail":0,"footnotes":"","_links_to":"","_links_to_target":""},"categories":[239,238],"tags":[],"class_list":["post-33713","post","type-post","status-publish","format-standard","has-post-thumbnail","hentry","category-d1-jugend-2019-20","category-nachwuchs-2019-20"],"_links":{"self":[{"href":"https:\/\/www.fsv-dippoldiswalde.de\/de\/wp-json\/wp\/v2\/posts\/33713","targetHints":{"allow":["GET"]}}],"collection":[{"href":"https:\/\/www.fsv-dippoldiswalde.de\/de\/wp-json\/wp\/v2\/posts"}],"about":[{"href":"https:\/\/www.fsv-dippoldiswalde.de\/de\/wp-json\/wp\/v2\/types\/post"}],"author":[{"embeddable":true,"href":"https:\/\/www.fsv-dippoldiswalde.de\/de\/wp-json\/wp\/v2\/users\/2"}],"replies":[{"embeddable":true,"href":"https:\/\/www.fsv-dippoldiswalde.de\/de\/wp-json\/wp\/v2\/comments?post=33713"}],"version-history":[{"count":1,"href":"https:\/\/www.fsv-dippoldiswalde.de\/de\/wp-json\/wp\/v2\/posts\/33713\/revisions"}],"predecessor-version":[{"id":33715,"href":"https:\/\/www.fsv-dippoldiswalde.de\/de\/wp-json\/wp\/v2\/posts\/33713\/revisions\/33715"}],"wp:featuredmedia":[{"embeddable":true,"href":"https:\/\/www.fsv-dippoldiswalde.de\/de\/wp-json\/wp\/v2\/media\/33714"}],"wp:attachment":[{"href":"https:\/\/www.fsv-dippoldiswalde.de\/de\/wp-json\/wp\/v2\/media?parent=33713"}],"wp:term":[{"taxonomy":"category","embeddable":true,"href":"https:\/\/www.fsv-dippoldiswalde.de\/de\/wp-json\/wp\/v2\/categories?post=33713"},{"taxonomy":"post_tag","embeddable":true,"href":"https:\/\/www.fsv-dippoldiswalde.de\/de\/wp-json\/wp\/v2\/tags?post=33713"}],"curies":[{"name":"wp","href":"https:\/\/api.w.org\/{rel}","templated":true}]}}