{"id":32535,"date":"2019-08-23T19:07:23","date_gmt":"2019-08-23T17:07:23","guid":{"rendered":"https:\/\/www.fsv-dippoldiswalde.de\/de\/?p=32535"},"modified":"2019-08-23T22:34:21","modified_gmt":"2019-08-23T20:34:21","slug":"18-08-2019-saisoneroeffnung","status":"publish","type":"post","link":"https:\/\/www.fsv-dippoldiswalde.de\/de\/18-08-2019-saisoneroeffnung\/","title":{"rendered":"18.08.2019 Saisoner\u00f6ffnung"},"content":{"rendered":"<p style=\"text-align:center;\"><strong>Am Sonntag, den 18.08.2019, er\u00f6ffnete der FSV mit einem kleinen Rahmenprogramm die neue Saison 2019\/20.<\/strong><\/p>\n<p><a class=\"ngg-fancybox\" title=\" \" href=\"https:\/\/www.fsv-dippoldiswalde.de\/de\/wp-content\/gallery\/saisoneroeffnung-2019_20\/18.08.2019-20190818_130937-Saison-2019_20.jpg\" rel=\"\" data-image-id=\"10970\" data-src=\"https:\/\/www.fsv-dippoldiswalde.de\/de\/wp-content\/gallery\/saisoneroeffnung-2019_20\/18.08.2019-20190818_130937-Saison-2019_20.jpg\" data-thumbnail=\"https:\/\/www.fsv-dippoldiswalde.de\/de\/wp-content\/gallery\/saisoneroeffnung-2019_20\/thumbs\/thumbs_18.08.2019-20190818_130937-Saison-2019_20.jpg\" data-title=\"18.08.2019-20190818_130937-Saison-2019_20\" data-description=\" \"><img decoding=\"async\" class=\"ngg-singlepic ngg-none alignleft\" src=\"https:\/\/www.fsv-dippoldiswalde.de\/de\/wp-content\/gallery\/saisoneroeffnung-2019_20\/thumbs\/thumbs_18.08.2019-20190818_130937-Saison-2019_20.jpg\" alt=\"18.08.2019-20190818_130937-Saison-2019_20\"><\/a><\/p>\n<p>Ab 13.\u00b0\u00b0 Uhr stellte die F-Jugend, mit Trainer Peter Balaz und Falk Schaar, das neue Funino-Spielsystem vor, in dem sie in dieser Saison in der Funino-Turnier-Staffel im Kreis Dresden mitspielen. Einen gro\u00dfen Dank auch an die vielen Eltern die mit dabei waren und trotz Schuleinf\u00fchrungswochenende dies erm\u00f6glicht haben. Als ein kleines Dankesch\u00f6n an die Kinder, durften sie als Einlaufkids des 1. Saisonspieles unserer 1. M\u00e4nnermannschaft gegen den SV Blau-Gelb Stolpen mit auflaufen.<\/p>\n<p><a class=\"ngg-fancybox\" title=\" \" href=\"https:\/\/www.fsv-dippoldiswalde.de\/de\/wp-content\/gallery\/saisoneroeffnung-2019_20\/18.08.2019-IMG_5187-Saison-2019_20.jpg\" rel=\"\" data-image-id=\"10976\" data-src=\"https:\/\/www.fsv-dippoldiswalde.de\/de\/wp-content\/gallery\/saisoneroeffnung-2019_20\/18.08.2019-IMG_5187-Saison-2019_20.jpg\" data-thumbnail=\"https:\/\/www.fsv-dippoldiswalde.de\/de\/wp-content\/gallery\/saisoneroeffnung-2019_20\/thumbs\/thumbs_18.08.2019-IMG_5187-Saison-2019_20.jpg\" data-title=\"18.08.2019-IMG_5187-Saison-2019_20\" data-description=\" \"><img decoding=\"async\" class=\"ngg-singlepic ngg-none alignleft\" src=\"https:\/\/www.fsv-dippoldiswalde.de\/de\/wp-content\/gallery\/saisoneroeffnung-2019_20\/thumbs\/thumbs_18.08.2019-IMG_5187-Saison-2019_20.jpg\" alt=\"18.08.2019-IMG_5187-Saison-2019_20\"><\/a><\/p>\n<p>Eine Stunde vor dem 1. Spiel der 1. M\u00e4nner wurden die Trainer der abgelaufenen Saison Thomas B\u00fcttner und Thomas Friedrich ( 1.M\u00e4nner ) vom 1. Vorsitzenden Swen Markwart und Tom Weber, 2. Vorsitzender, feierlich verabschiedet. Desweiteren wurden auch die Trainer Hagen Dextor und Falk Schm\u00f6ckel ( Trainer A-Jugend ) und Mike Richter ( Trainer F-Jugend )aus Ihrer T\u00e4tigkeit als Trainer verabschiedet. <\/p>\n<p>Der ganze Verein sagt DANKE f\u00fcr das gro\u00dfe Arrangement, was diese Trainer die letzen Jahre geleistet haben.<\/p>\n<p><a class=\"ngg-fancybox\" title=\" \" href=\"https:\/\/www.fsv-dippoldiswalde.de\/de\/wp-content\/gallery\/saisoneroeffnung-2019_20\/18.08.2019-IMG_5202-Saison-2019_20.jpg\" rel=\"\" data-image-id=\"10980\" data-src=\"https:\/\/www.fsv-dippoldiswalde.de\/de\/wp-content\/gallery\/saisoneroeffnung-2019_20\/18.08.2019-IMG_5202-Saison-2019_20.jpg\" data-thumbnail=\"https:\/\/www.fsv-dippoldiswalde.de\/de\/wp-content\/gallery\/saisoneroeffnung-2019_20\/thumbs\/thumbs_18.08.2019-IMG_5202-Saison-2019_20.jpg\" data-title=\"18.08.2019-IMG_5202-Saison-2019_20\" data-description=\" \"><img decoding=\"async\" class=\"ngg-singlepic ngg-none alignleft\" src=\"https:\/\/www.fsv-dippoldiswalde.de\/de\/wp-content\/gallery\/saisoneroeffnung-2019_20\/thumbs\/thumbs_18.08.2019-IMG_5202-Saison-2019_20.jpg\" alt=\"18.08.2019-IMG_5202-Saison-2019_20\"><\/a><\/p>\n<p>Auch unsere 4 Schiedsrichter, Mathias Nitzsche (  im Bild ), Jens Cub\u00e9us, Toni Richter und Jacques Gei\u00dfler wurde an diesem Tag f\u00fcr ihre jahrelange und aufopfernde Arbeit als Schiedrichter  f\u00fcr den FSV Dippoldiswalde geehrt.<\/p>\n<p><a href=\"https:\/\/www.fsv-dippoldiswalde.de\/de\/wp-content\/uploads\/2019\/08\/18.08.2019-IMG_5286-Saison-2019_20.jpg\"><img decoding=\"async\" class=\"alignleft size-thumbnail wp-image-32465\" src=\"https:\/\/www.fsv-dippoldiswalde.de\/de\/wp-content\/uploads\/2019\/08\/18.08.2019-IMG_5286-Saison-2019_20-200x150.jpg\" alt=\"\" width=\"200\" height=\"150\"><\/a><\/p>\n<p>Um  15.\u00b0\u00b0 Uhr war dann Ansto\u00df zum 1. Saisonspieles und 1. Heimspiel unserer 1. M\u00e4nnermannschaft gegen den SV Blau-Gelb Stolpen, was am Ende gerecht 1:1 (0:1) ausging.<\/p>\n<p>Wir danken den 55 zahlenden Zuschauern und wir hoffen, dass es mit der neuen Saison und besseren Ergebnissen mehr Zuschauer in den Sportpark zieht.<\/p>\n<p><a class=\"ngg-fancybox\" title=\" \" href=\"https:\/\/www.fsv-dippoldiswalde.de\/de\/wp-content\/gallery\/saisoneroeffnung-2019_20\/18.08.2019-20190818_164848-Saison-2019_20.jpg\" rel=\"\" data-image-id=\"10975\" data-src=\"https:\/\/www.fsv-dippoldiswalde.de\/de\/wp-content\/gallery\/saisoneroeffnung-2019_20\/18.08.2019-20190818_164848-Saison-2019_20.jpg\" data-thumbnail=\"https:\/\/www.fsv-dippoldiswalde.de\/de\/wp-content\/gallery\/saisoneroeffnung-2019_20\/thumbs\/thumbs_18.08.2019-20190818_164848-Saison-2019_20.jpg\" data-title=\"18.08.2019-20190818_164848-Saison-2019_20\" data-description=\" \"><img decoding=\"async\" class=\"ngg-singlepic ngg-none alignleft\" src=\"https:\/\/www.fsv-dippoldiswalde.de\/de\/wp-content\/gallery\/saisoneroeffnung-2019_20\/thumbs\/thumbs_18.08.2019-20190818_164848-Saison-2019_20.jpg\" alt=\"18.08.2019-20190818_164848-Saison-2019_20\"><\/a><\/p>\n<p>Nach dem Spiel hatte die mit anwesende Andrea Dombois, 1. Vizepr\u00e4sidentin des S\u00e4chsischen Landtages, eine kleine Geste an die Mannschaften. Sie \u00fcbergab an beide jeweils einen neuen Derbystar Matchspiel, w\u00fcnsche allen eine gute Saison und lud alle Spieler und Trainer auf einen Imbiss in das Vereinsgeb\u00e4ude ein. Vielen Dank daf\u00fcr. <\/p>\nngg_shortcode_0_placeholder\n","protected":false},"excerpt":{"rendered":"<p>Am Sonntag, den 18.08.2019, er\u00f6ffnete der FSV mit einem kleinen Rahmenprogramm die neue Saison 2019\/20. Ab 13.\u00b0\u00b0 Uhr stellte die&#46;&#46;&#46;<\/p>\n","protected":false},"author":2,"featured_media":32548,"comment_status":"closed","ping_status":"open","sticky":false,"template":"","format":"standard","meta":{"ngg_post_thumbnail":0,"footnotes":"","_links_to":"","_links_to_target":""},"categories":[1],"tags":[],"class_list":["post-32535","post","type-post","status-publish","format-standard","has-post-thumbnail","hentry","category-allgemein"],"_links":{"self":[{"href":"https:\/\/www.fsv-dippoldiswalde.de\/de\/wp-json\/wp\/v2\/posts\/32535","targetHints":{"allow":["GET"]}}],"collection":[{"href":"https:\/\/www.fsv-dippoldiswalde.de\/de\/wp-json\/wp\/v2\/posts"}],"about":[{"href":"https:\/\/www.fsv-dippoldiswalde.de\/de\/wp-json\/wp\/v2\/types\/post"}],"author":[{"embeddable":true,"href":"https:\/\/www.fsv-dippoldiswalde.de\/de\/wp-json\/wp\/v2\/users\/2"}],"replies":[{"embeddable":true,"href":"https:\/\/www.fsv-dippoldiswalde.de\/de\/wp-json\/wp\/v2\/comments?post=32535"}],"version-history":[{"count":4,"href":"https:\/\/www.fsv-dippoldiswalde.de\/de\/wp-json\/wp\/v2\/posts\/32535\/revisions"}],"predecessor-version":[{"id":32558,"href":"https:\/\/www.fsv-dippoldiswalde.de\/de\/wp-json\/wp\/v2\/posts\/32535\/revisions\/32558"}],"wp:featuredmedia":[{"embeddable":true,"href":"https:\/\/www.fsv-dippoldiswalde.de\/de\/wp-json\/wp\/v2\/media\/32548"}],"wp:attachment":[{"href":"https:\/\/www.fsv-dippoldiswalde.de\/de\/wp-json\/wp\/v2\/media?parent=32535"}],"wp:term":[{"taxonomy":"category","embeddable":true,"href":"https:\/\/www.fsv-dippoldiswalde.de\/de\/wp-json\/wp\/v2\/categories?post=32535"},{"taxonomy":"post_tag","embeddable":true,"href":"https:\/\/www.fsv-dippoldiswalde.de\/de\/wp-json\/wp\/v2\/tags?post=32535"}],"curies":[{"name":"wp","href":"https:\/\/api.w.org\/{rel}","templated":true}]}}