{"id":31412,"date":"2019-03-03T20:07:00","date_gmt":"2019-03-03T19:07:00","guid":{"rendered":"https:\/\/www.fsv-dippoldiswalde.de\/de\/?p=31412"},"modified":"2019-03-03T20:07:00","modified_gmt":"2019-03-03T19:07:00","slug":"vorschau-auf-die-rueckrunde-der-1-maenner","status":"publish","type":"post","link":"https:\/\/www.fsv-dippoldiswalde.de\/de\/vorschau-auf-die-rueckrunde-der-1-maenner\/","title":{"rendered":"Vorschau auf die R\u00fcckrunde der 1.M\u00e4nner"},"content":{"rendered":"<div style=\"color:rgb(0,0,0); font-family:sans-serif; font-size:medium; font-style:normal; font-variant-ligatures:normal; font-variant-caps:normal; font-weight:400; letter-spacing:normal; orphans:2text-indent:0px; text-transform:none; white-space:normal; widows:2; word-spacing:0px; -webkit-text-stroke-width:0px; text-decoration-style:initial; text-decoration-color:initial; text-align:left;\">Am 7.02.21019 startete die Vorbereitung auf die R\u00fcckrunde nur leider bremste der Wettergott uns etwas aus und wir mu\u00dften das 1. Training noch in der Halle abhalten. Seit dem 14. Februar kann aber jetzt endlich wieder auf dem gr\u00fcnen Gel\u00e4uf trainiert werden. Zur R\u00fcckrunde verlie\u00df Co &#8211; Trainer T. Friedrich den Verein und f\u00fcr ihn r\u00fcckte der ehemalige Spielf\u00fchrer M. Cubeus ins Trainerteam nach. Der im aktuellen Kader konnten wir D. Luber nach l\u00e4ngerer Verletzungspause wieder begr\u00fc\u00dfen, doch der Hoffnungstr\u00e4ger wird erst einmal wieder langsam an die Mannschaft herangef\u00fchrt. Leider mu\u00df das Trainerteam L. B\u00fcttner ersetzen der beruflich ins Ausland geht und demnach gesch\u00e4tzte 6 Monate nicht zur Verf\u00fcgung steht. <\/div>\n<div style=\"color:rgb(0,0,0); font-family:sans-serif; font-size:medium; font-style:normal; font-variant-ligatures:normal; font-variant-caps:normal; font-weight:400; letter-spacing:normal; orphans:2text-indent:0px; text-transform:none; white-space:normal; widows:2; word-spacing:0px; -webkit-text-stroke-width:0px; text-decoration-style:initial; text-decoration-color:initial; text-align:left;\">Vergangenes Wochenende stand dann der 1. Test auf dem Programm. beim Serkowitzer FSV gelang, nach anf\u00e4nglichen Startschwierigkeiten dann aber ein verdienter Ausw\u00e4rtserfolg. Nun steht noch einiges an Arbeit in den verbleibenden Trainingseinheiten an, damit am 10.03. der R\u00fcckrundenstart im heimischen Sportpark gelingt. Die Pesterwitzer werden als erstes Team ihre Visitenkarte in Dipps abgeben, nachdem im Hinspiel eine sehr ungl\u00fcckliche Niederlage zu verzeichnen war wollen wir die Punkte nat\u00fcrlich in der Heimat behalten. Unser Ziel f\u00fcr die R\u00fcckrunde ist ein Platz zwischen 6 und 10, doch daf\u00fcr mu\u00df weiterhin die Trainingsbeteiligung stimmen und wenn das klappt sollte die R\u00fcckrunde erfolgreicher von Statten gehen wie die Hinrunde, in der wir zu keinem Zeitpunkt die M\u00f6glichkeit hatten uns mit einer Formation einzuspielen. Doch wenn wir von Verletzungen verschont bleiben sollte das Trainerteam ganz andere personelle M\u00f6glichkeiten haben. <\/div>\n","protected":false},"excerpt":{"rendered":"<p>Am 7.02.21019 startete die Vorbereitung auf die R\u00fcckrunde nur leider bremste der Wettergott uns etwas aus und wir mu\u00dften das&#46;&#46;&#46;<\/p>\n","protected":false},"author":2,"featured_media":24024,"comment_status":"closed","ping_status":"open","sticky":false,"template":"","format":"standard","meta":{"ngg_post_thumbnail":0,"footnotes":"","_links_to":"","_links_to_target":""},"categories":[217],"tags":[],"class_list":["post-31412","post","type-post","status-publish","format-standard","has-post-thumbnail","hentry","category-1-maenner-2018-19"],"_links":{"self":[{"href":"https:\/\/www.fsv-dippoldiswalde.de\/de\/wp-json\/wp\/v2\/posts\/31412","targetHints":{"allow":["GET"]}}],"collection":[{"href":"https:\/\/www.fsv-dippoldiswalde.de\/de\/wp-json\/wp\/v2\/posts"}],"about":[{"href":"https:\/\/www.fsv-dippoldiswalde.de\/de\/wp-json\/wp\/v2\/types\/post"}],"author":[{"embeddable":true,"href":"https:\/\/www.fsv-dippoldiswalde.de\/de\/wp-json\/wp\/v2\/users\/2"}],"replies":[{"embeddable":true,"href":"https:\/\/www.fsv-dippoldiswalde.de\/de\/wp-json\/wp\/v2\/comments?post=31412"}],"version-history":[{"count":1,"href":"https:\/\/www.fsv-dippoldiswalde.de\/de\/wp-json\/wp\/v2\/posts\/31412\/revisions"}],"predecessor-version":[{"id":31413,"href":"https:\/\/www.fsv-dippoldiswalde.de\/de\/wp-json\/wp\/v2\/posts\/31412\/revisions\/31413"}],"wp:featuredmedia":[{"embeddable":true,"href":"https:\/\/www.fsv-dippoldiswalde.de\/de\/wp-json\/wp\/v2\/media\/24024"}],"wp:attachment":[{"href":"https:\/\/www.fsv-dippoldiswalde.de\/de\/wp-json\/wp\/v2\/media?parent=31412"}],"wp:term":[{"taxonomy":"category","embeddable":true,"href":"https:\/\/www.fsv-dippoldiswalde.de\/de\/wp-json\/wp\/v2\/categories?post=31412"},{"taxonomy":"post_tag","embeddable":true,"href":"https:\/\/www.fsv-dippoldiswalde.de\/de\/wp-json\/wp\/v2\/tags?post=31412"}],"curies":[{"name":"wp","href":"https:\/\/api.w.org\/{rel}","templated":true}]}}