{"id":30559,"date":"2018-06-19T21:38:08","date_gmt":"2018-06-19T19:38:08","guid":{"rendered":"https:\/\/www.fsv-dippoldiswalde.de\/de\/?p=30559"},"modified":"2018-06-19T21:38:08","modified_gmt":"2018-06-19T19:38:08","slug":"15-06-18-fsv-ue35-sv-wesenitztal-4-2-21","status":"publish","type":"post","link":"https:\/\/www.fsv-dippoldiswalde.de\/de\/15-06-18-fsv-ue35-sv-wesenitztal-4-2-21\/","title":{"rendered":"15.06.18 FSV \u00dc35 &#8211; SV Wesenitztal 4 : 2 (2:1)"},"content":{"rendered":"<p><strong>\u00dc35 siegt gegen den SV Wesenitztal mit 4:2<\/strong><em><a class=\"ngg-fancybox\" title=\" \" href=\"https:\/\/www.fsv-dippoldiswalde.de\/de\/wp-content\/gallery\/ah-35-sv-wesenitztal\/19.06.2018-IMG_7429-Saison-2017_18.jpg\" rel=\"\" data-image-id=\"10159\" data-src=\"https:\/\/www.fsv-dippoldiswalde.de\/de\/wp-content\/gallery\/ah-35-sv-wesenitztal\/19.06.2018-IMG_7429-Saison-2017_18.jpg\" data-thumbnail=\"https:\/\/www.fsv-dippoldiswalde.de\/de\/wp-content\/gallery\/ah-35-sv-wesenitztal\/thumbs\/thumbs_19.06.2018-IMG_7429-Saison-2017_18.jpg\" data-title=\"19.06.2018  IMG_7429 - Saison 2017_18\" data-description=\" \"><img decoding=\"async\" class=\"ngg-singlepic ngg-none alignleft\" src=\"https:\/\/www.fsv-dippoldiswalde.de\/de\/wp-content\/gallery\/ah-35-sv-wesenitztal\/thumbs\/thumbs_19.06.2018-IMG_7429-Saison-2017_18.jpg\" alt=\"19.06.2018  IMG_7429 - Saison 2017_18\"><\/a><\/em><\/p>\n<p>&nbsp;<\/p>\n<p>Am Freitag Abend waren erstmals die AH-Kicker des SV Wesenitztal zu Gast im Dippser Sportpark.&nbsp;Der Kontakt kam dabei durch den Alt-Dippser Andreas Thiel zustande, der mittlerweile beim Verein aus D\u00fcrrr\u00f6hrsdorf-Dittersbach aktiv ist.&nbsp;<\/p>\n<p>Es entwickelte sich ein interessantes, f\u00fcr AH-Verh\u00e4ltnisse gutklassiges und flinkes Spiel, welches zun\u00e4chst von den G\u00e4sten bestimmt wurde. Diese lie\u00dfen den Ball gut in den eigenen Reihen laufen, nur in Sachen Abschlu\u00df waren sie eher m\u00e4\u00dfig erfolgreich, was nicht zuletzt am sehr gut aufgelegten Dippser Schlussmann Thomas Sch\u00f6n lag.&nbsp;So kam es sogar, dass der FSV seine \u00fcberschaubaren Gelegenheiten zielstrebig in Tore umm\u00fcnzte und kurz vor der Halbzeit etwas \u00fcberraschend mit 2:0 in Front lag.&nbsp;Die bis dahin \u00fcberzeugende Defensive der Dippser bekam kurz vorm Pausenpfiff einen Sch\u00f6nheitsfehler und verteilte noch ein Geschenk, wie es sich f\u00fcr einen guten Gastgeber geh\u00f6rt. Der Vereinswimpel vorm Ansto\u00df h\u00e4tte eigentlich ausgereicht.<\/p>\n<p>So ging es mit einem knappen 2:1 in die Kabinen.<\/p>\n<p>Im 2. Abschnitt wurde das Match nun offener gef\u00fchrt. Die G\u00e4ste versuchten mit aller Macht, den Gleichstand zu erzielen, zeigten dabei jedoch gr\u00f6\u00dferes Unverm\u00f6gen im Abschluss, als Ihr technisch versiertes Aufbauspiel vermuten lie\u00df. Den Wesenitztalern schwanden mit fortlaufender Spielzeit, wohl auch aufgrund der verwaisten Ersatzbank, so langsam die Kr\u00e4fte und die Hausherren nutzen die nun gebotenen R\u00e4ume und kamen geh\u00e4uft zu eigenen Gelegenheiten. Trotz zweier vergebener Strafst\u00f6\u00dfe konnte die F\u00fchrung auf ein komfortables 4:1 ausgebaut werden.&nbsp;Die G\u00e4ste gaben sich dennoch nie auf, erreichten aber nur noch Ergebniskosmetik zum Endstand von 4:2.<\/p>\n<p>Einen gro\u00dfen Dank auch an den stets umsichtig leitenden Schiedsrichter Peter Fleischer, der in der sehr fair gef\u00fchrten Partie auch vor keine gr\u00f6\u00dferen Probleme gestellt wurde.<\/p>\n<p>&nbsp;<\/p>\n<p>Damit verabschieden wir uns in die Sommerpause. Das n\u00e4chste Spiel findet am 17.08. in H\u00f6ckendorf statt.<\/p>\n<p>F\u00fcr den FSV liefen auf:<\/p>\n<p>Thomas Sch\u00f6n, Mirko Gietzelt, Daniel Zimmermann, Matthias R\u00f6nsch, Lutz Fleischer, Sven K\u00f6nig, Tino Fleischer, Andr\u00e9 K\u00e4stner, Steve Wagner, Sascha Eichentopf, Marco Wessely, Michael Richter, Mario H\u00e4hnel, Karsten Lemke<\/p>\n<p>Es trafen:<\/p>\n<p>Mario H\u00e4hnel (2x), Tino Fleischer, Michael Richter<\/p>\n<p>&nbsp;<\/p>\nngg_shortcode_0_placeholder\n<p>&nbsp;<\/p>\n<p>&nbsp;<\/p>\n<p>Bericht und Fotos: Steve Wagner<\/p>\n","protected":false},"excerpt":{"rendered":"<p>\u00dc35 siegt gegen den SV Wesenitztal mit 4:2 &nbsp; Am Freitag Abend waren erstmals die AH-Kicker des SV Wesenitztal zu&#46;&#46;&#46;<\/p>\n","protected":false},"author":2,"featured_media":30566,"comment_status":"closed","ping_status":"open","sticky":false,"template":"","format":"standard","meta":{"ngg_post_thumbnail":0,"footnotes":"","_links_to":"","_links_to_target":""},"categories":[210],"tags":[],"class_list":["post-30559","post","type-post","status-publish","format-standard","has-post-thumbnail","hentry","category-alt-herren-2018"],"_links":{"self":[{"href":"https:\/\/www.fsv-dippoldiswalde.de\/de\/wp-json\/wp\/v2\/posts\/30559","targetHints":{"allow":["GET"]}}],"collection":[{"href":"https:\/\/www.fsv-dippoldiswalde.de\/de\/wp-json\/wp\/v2\/posts"}],"about":[{"href":"https:\/\/www.fsv-dippoldiswalde.de\/de\/wp-json\/wp\/v2\/types\/post"}],"author":[{"embeddable":true,"href":"https:\/\/www.fsv-dippoldiswalde.de\/de\/wp-json\/wp\/v2\/users\/2"}],"replies":[{"embeddable":true,"href":"https:\/\/www.fsv-dippoldiswalde.de\/de\/wp-json\/wp\/v2\/comments?post=30559"}],"version-history":[{"count":1,"href":"https:\/\/www.fsv-dippoldiswalde.de\/de\/wp-json\/wp\/v2\/posts\/30559\/revisions"}],"predecessor-version":[{"id":30567,"href":"https:\/\/www.fsv-dippoldiswalde.de\/de\/wp-json\/wp\/v2\/posts\/30559\/revisions\/30567"}],"wp:featuredmedia":[{"embeddable":true,"href":"https:\/\/www.fsv-dippoldiswalde.de\/de\/wp-json\/wp\/v2\/media\/30566"}],"wp:attachment":[{"href":"https:\/\/www.fsv-dippoldiswalde.de\/de\/wp-json\/wp\/v2\/media?parent=30559"}],"wp:term":[{"taxonomy":"category","embeddable":true,"href":"https:\/\/www.fsv-dippoldiswalde.de\/de\/wp-json\/wp\/v2\/categories?post=30559"},{"taxonomy":"post_tag","embeddable":true,"href":"https:\/\/www.fsv-dippoldiswalde.de\/de\/wp-json\/wp\/v2\/tags?post=30559"}],"curies":[{"name":"wp","href":"https:\/\/api.w.org\/{rel}","templated":true}]}}