{"id":2781,"date":"2012-09-06T11:50:40","date_gmt":"2012-09-06T09:50:40","guid":{"rendered":"http:\/\/www.fsv-dippoldiswalde.de\/wordpress\/?p=2781"},"modified":"2012-09-06T11:50:40","modified_gmt":"2012-09-06T09:50:40","slug":"fifa-fairplay-tag-2012-vom-07-bis-11-september","status":"publish","type":"post","link":"https:\/\/www.fsv-dippoldiswalde.de\/de\/fifa-fairplay-tag-2012-vom-07-bis-11-september\/","title":{"rendered":"FIFA-Fairplay-Tag 2012 vom 07. bis 11. September"},"content":{"rendered":"<h3><img fetchpriority=\"high\" decoding=\"async\" class=\"ngg-singlepic ngg-none alignleft\" src=\"http:\/\/www.fsv-dippoldiswalde.de\/de\/wp-content\/gallery\/sonstiges\/fair-play.jpg\" alt=\"fair-play\" width=\"232\" height=\"232\" \/>Gemeinsam f\u00fcr Fairplay FIFA,<\/h3>\n<p><a href=\"http:\/\/fsvdipps.td-software.com\/de\/wp-content\/uploads\/2012\/09\/Fair-Play-Kodex.pdf\" target=\"_blank\">Fair Play Kodex<\/a><\/p>\n<p>DFB und der S\u00e4chsische Fu\u00dfball-Verband rufen landesweit alle Spieler, Schiedsrichter, Fans und Offiziellen dazu auf, sich am FIFA-Fairplay-Tag f\u00fcr die Fair-Play-F\u00f6rderung einzusetzen. <!--more-->Der 16. FIFA-Fairplay-Tag findet in der Woche vom 07. bis 11. September 2012 statt und wird von FIFA-Pr\u00e4sident Joseph S. Blatter pers\u00f6nlich unterst\u00fctzt. \u201eFair Play ist f\u00fcr unseren Sport und seine Akteure grundlegend\u201c, betont DFB-Pr\u00e4sident Wolfgang Niers-bach. \u201eWir m\u00fcssen das Fairness-Gebot hochhalten und seine G\u00fcltigkeit f\u00fcr alle zuk\u00fcnftigen Generationen si-chern. Wir rufen die Fu\u00dfballfans von Deutschland dazu auf, mit uns den FIFA-Fairplay-Tag zu begehen.\u201c FIFA-Pr\u00e4sident Blatter verweist auf die eminent wichtige Rolle von Fairness im Sport und die Notwendigkeit, Fair Play im Sport \u2013 insbesondere bei Kindern \u2013 zum Durchbruch zu verhel-fen. \u201eKinder brauchen starke Werte. Der Fu\u00dfball als Mannschaftssport lehrt ihnen Disziplin, Achtung Teamgeist und Fairness \u2013 auf dem Platz wie im Leben. Die FIFA-Fairplay-Kampagne geht \u00fcber das reine Fairness-Gebot auf dem Spielfeld hinaus. Sie will Fair-Play in der gesamten Gesellschaft f\u00f6rdern \u2013 angefangen bei den Kindern.\u201c Der FIFA-Fairplay-Tag wurde 1997 eingef\u00fchrt und erlebt dieses Jahr zum 16. Mal seine Auf-lage. In fr\u00fcheren Jahren wurde der Tag in Dutzenden von L\u00e4ndern mit verschiedensten Ge-meinschaftsprojekten im Breiten- wie im Profifu\u00dfball gefeiert.<\/p>\n","protected":false},"excerpt":{"rendered":"<p>Gemeinsam f\u00fcr Fairplay FIFA, Fair Play Kodex DFB und der S\u00e4chsische Fu\u00dfball-Verband rufen landesweit alle Spieler, Schiedsrichter, Fans und Offiziellen&#46;&#46;&#46;<\/p>\n","protected":false},"author":2,"featured_media":0,"comment_status":"closed","ping_status":"closed","sticky":false,"template":"","format":"standard","meta":{"ngg_post_thumbnail":0,"footnotes":"","_links_to":"","_links_to_target":""},"categories":[1],"tags":[],"class_list":["post-2781","post","type-post","status-publish","format-standard","hentry","category-allgemein"],"_links":{"self":[{"href":"https:\/\/www.fsv-dippoldiswalde.de\/de\/wp-json\/wp\/v2\/posts\/2781","targetHints":{"allow":["GET"]}}],"collection":[{"href":"https:\/\/www.fsv-dippoldiswalde.de\/de\/wp-json\/wp\/v2\/posts"}],"about":[{"href":"https:\/\/www.fsv-dippoldiswalde.de\/de\/wp-json\/wp\/v2\/types\/post"}],"author":[{"embeddable":true,"href":"https:\/\/www.fsv-dippoldiswalde.de\/de\/wp-json\/wp\/v2\/users\/2"}],"replies":[{"embeddable":true,"href":"https:\/\/www.fsv-dippoldiswalde.de\/de\/wp-json\/wp\/v2\/comments?post=2781"}],"version-history":[{"count":0,"href":"https:\/\/www.fsv-dippoldiswalde.de\/de\/wp-json\/wp\/v2\/posts\/2781\/revisions"}],"wp:attachment":[{"href":"https:\/\/www.fsv-dippoldiswalde.de\/de\/wp-json\/wp\/v2\/media?parent=2781"}],"wp:term":[{"taxonomy":"category","embeddable":true,"href":"https:\/\/www.fsv-dippoldiswalde.de\/de\/wp-json\/wp\/v2\/categories?post=2781"},{"taxonomy":"post_tag","embeddable":true,"href":"https:\/\/www.fsv-dippoldiswalde.de\/de\/wp-json\/wp\/v2\/tags?post=2781"}],"curies":[{"name":"wp","href":"https:\/\/api.w.org\/{rel}","templated":true}]}}