{"id":27463,"date":"2017-09-29T17:41:18","date_gmt":"2017-09-29T15:41:18","guid":{"rendered":"http:\/\/www.fsv-dippoldiswalde.de\/de\/?p=27463"},"modified":"2017-09-29T17:41:18","modified_gmt":"2017-09-29T15:41:18","slug":"kleines-zwischenfazit-der-e1-jugend","status":"publish","type":"post","link":"https:\/\/www.fsv-dippoldiswalde.de\/de\/kleines-zwischenfazit-der-e1-jugend\/","title":{"rendered":"kleines Zwischenfazit der E1-Jugend"},"content":{"rendered":"<p>Liebe E1-Fu\u00dfball-Eltern,<\/p>\n<p>ich m\u00f6chte die anstehende dreiw\u00f6chige Fu\u00dfballpause gern nutzen um ein kleines Zwischenfazit der noch jungen Saison zu ziehen.<\/p>\n<p>Spielerisch entwickeln sich eure Kinder nat\u00fcrlich weiter, aber man muss auch ehrlich sein und dazusagen, dass wir in den letzten 6-8 Wochen keine Wunderdinge bewirkt haben, sondern unsere Gegner v\u00f6llig andere Kinder sind. Sie sind j\u00fcnger bzw. gleich alt und sind nicht mehr k\u00f6rperlich \u00fcberlegen wie letzte Saison. Die E1 kann, <em>aber muss nicht<\/em>, um den Kreismeister-Titel mitspielen. Realistisch betrachtet gibt es neben Pesterwitz und uns, auch noch Pirna-Copitz, Heidenau und Stahl Freital, die auf \u00e4hnlichem Niveau Fu\u00dfball spielen. Saisonziel war von Anfang an Platz 1-5. Dies ist absolut realistisch und werden die Jungs auch schaffen, wenn sie so weitermachen.<\/p>\n<p>Meine Gedanken sind aber schon in der n\u00e4chsten Saison. Es wird eine riesige Herausforderung in die D-Jugend hoch zu gehen. Nicht nur der dann gr\u00f6\u00dfere Platz sondern auch die gr\u00f6\u00dfere Anzahl von Spielern auf dem Platz wird viel ver\u00e4ndern. Ab n\u00e4chste Saison werden die Jungs vordergr\u00fcndig ein gutes Pass-Spiel und cleveres individualtaktisches Verhalten ben\u00f6tigen, um in der n\u00e4chsten Altersklasse bestehen zu k\u00f6nnen.&nbsp;<\/p>\n<p>Im Testspiel diese Woche Montag gegen die FSV-eigene D-Jugend \u00fcberzeugte vor allem unsere Hintermannschaft (Richard, Fynn und Leon G.) auf Grund ihrer K\u00f6rpergr\u00f6\u00dfe. Leider hatten Jonas und Till gefehlt, weshalb wir unser Team mit D-Jugend Spielern auff\u00fcllen m\u00fcssten und da funktionierte das Zusammenspiel nat\u00fcrlich nicht optimal.<\/p>\n<p><a class=\"ngg-fancybox\" title=\" \" href=\"http:\/\/www.fsv-dippoldiswalde.de\/de\/wp-content\/gallery\/e1-jugend-zwischenfazit\/29.09.2017-20170828_163154-Saison-2017_18.jpg\" rel=\"\" data-image-id=\"9083\" data-src=\"http:\/\/www.fsv-dippoldiswalde.de\/de\/wp-content\/gallery\/e1-jugend-zwischenfazit\/29.09.2017-20170828_163154-Saison-2017_18.jpg\" data-thumbnail=\"http:\/\/www.fsv-dippoldiswalde.de\/de\/wp-content\/gallery\/e1-jugend-zwischenfazit\/thumbs\/thumbs_29.09.2017-20170828_163154-Saison-2017_18.jpg\" data-title=\"29.09.2017 20170828_163154 - Saison 2017_18\" data-description=\" \"><img decoding=\"async\" class=\"ngg-singlepic ngg-none alignleft\" src=\"http:\/\/www.fsv-dippoldiswalde.de\/de\/wp-content\/gallery\/e1-jugend-zwischenfazit\/thumbs\/thumbs_29.09.2017-20170828_163154-Saison-2017_18.jpg\" alt=\"29.09.2017 20170828_163154 - Saison 2017_18\"><\/a>Ich freue mich auch \u00fcber die immer besser werdende Ausr\u00fcstung unserer Mannschaft. Die \u00fcber den ENSO-Gewinn finanzierte gelb-blaue Trainingsbekleidung sieht nicht nur gut aus, sondern strahlt auch mannschaftliche Geschlossenheit nach Au\u00dfen aus.<\/p>\n<p>&nbsp;<\/p>\n<p>&nbsp;<\/p>\n<p>&nbsp;<\/p>\n<p>&nbsp;<\/p>\n<p><a class=\"ngg-fancybox\" title=\" \" href=\"http:\/\/www.fsv-dippoldiswalde.de\/de\/wp-content\/gallery\/e1-jugend-zwischenfazit\/29.09.2017-IMG-20170926-WA0000-Saison-2017_18.jpg\" rel=\"\" data-image-id=\"9085\" data-src=\"http:\/\/www.fsv-dippoldiswalde.de\/de\/wp-content\/gallery\/e1-jugend-zwischenfazit\/29.09.2017-IMG-20170926-WA0000-Saison-2017_18.jpg\" data-thumbnail=\"http:\/\/www.fsv-dippoldiswalde.de\/de\/wp-content\/gallery\/e1-jugend-zwischenfazit\/thumbs\/thumbs_29.09.2017-IMG-20170926-WA0000-Saison-2017_18.jpg\" data-title=\"29.09.2017 IMG-20170926-WA0000 - Saison 2017_18\" data-description=\" \"><img decoding=\"async\" class=\"ngg-singlepic ngg-none alignleft\" src=\"http:\/\/www.fsv-dippoldiswalde.de\/de\/wp-content\/gallery\/e1-jugend-zwischenfazit\/thumbs\/thumbs_29.09.2017-IMG-20170926-WA0000-Saison-2017_18.jpg\" alt=\"29.09.2017 IMG-20170926-WA0000 - Saison 2017_18\"><\/a>Die k\u00fcnftigen gelb-blauen FSV-Regenjacken werden dies noch verst\u00e4rken.<\/p>\n<p>&nbsp;<\/p>\n<p>&nbsp;<\/p>\n<p>&nbsp;<\/p>\n<p>&nbsp;<\/p>\n<p><a class=\"ngg-fancybox\" title=\" \" href=\"http:\/\/www.fsv-dippoldiswalde.de\/de\/wp-content\/gallery\/e1-jugend-zwischenfazit\/29.09.2017-Screenshot_20170912-163909-Saison-2017_18.jpg\" rel=\"\" data-image-id=\"9086\" data-src=\"http:\/\/www.fsv-dippoldiswalde.de\/de\/wp-content\/gallery\/e1-jugend-zwischenfazit\/29.09.2017-Screenshot_20170912-163909-Saison-2017_18.jpg\" data-thumbnail=\"http:\/\/www.fsv-dippoldiswalde.de\/de\/wp-content\/gallery\/e1-jugend-zwischenfazit\/thumbs\/thumbs_29.09.2017-Screenshot_20170912-163909-Saison-2017_18.jpg\" data-title=\"29.09.2017 Screenshot_20170912-163909 - Saison 2017_18\" data-description=\" \"><img decoding=\"async\" class=\"ngg-singlepic ngg-none alignleft\" src=\"http:\/\/www.fsv-dippoldiswalde.de\/de\/wp-content\/gallery\/e1-jugend-zwischenfazit\/thumbs\/thumbs_29.09.2017-Screenshot_20170912-163909-Saison-2017_18.jpg\" alt=\"29.09.2017 Screenshot_20170912-163909 - Saison 2017_18\"><\/a>Die beiden neuen Trikots\u00e4tze (-Kurzarm- von \u201eRossmann\u201c und -Langarm- von \u201eB\u00fcro Zimmermann\u201c) werden wir ab der Hallensaison bzw. R\u00fcckrunde tragen und die beiden wundersch\u00f6nen und noch gut erhaltenen \u201eGutachter\u201c-Trikots\u00e4tze an j\u00fcngere FSV-Mannschaften abgeben.<\/p>\n<p>Auch mit den neuen DerbyStar B\u00e4llen kommen die Jungs gut zurecht. Durch die geringere Gr\u00f6\u00dfe und das etwas h\u00f6here Gewicht entwickeln die Jungs eine bessere Ballbeherrschung und eine st\u00e4rkere Schusskraft.<\/p>\n<p>&nbsp;<\/p>\n<p>Anfang Dezember (nach dem letzten Punktspiel) werden wir in die 3-monatige Hallensaison starten. Training wird im Sportpark stattfinden und es wird neben der futsal-Hallenkreismeisterschaft auch wieder interessante Turniere geben.<\/p>\n<p><a class=\"ngg-fancybox\" title=\" \" href=\"http:\/\/www.fsv-dippoldiswalde.de\/de\/wp-content\/gallery\/e1-jugend-zwischenfazit\/29.09.2017-20170910_120611-Saison-2017_18.jpg\" rel=\"\" data-image-id=\"9084\" data-src=\"http:\/\/www.fsv-dippoldiswalde.de\/de\/wp-content\/gallery\/e1-jugend-zwischenfazit\/29.09.2017-20170910_120611-Saison-2017_18.jpg\" data-thumbnail=\"http:\/\/www.fsv-dippoldiswalde.de\/de\/wp-content\/gallery\/e1-jugend-zwischenfazit\/thumbs\/thumbs_29.09.2017-20170910_120611-Saison-2017_18.jpg\" data-title=\"29.09.2017 20170910_120611 - Saison 2017_18\" data-description=\" \"><img decoding=\"async\" class=\"ngg-singlepic ngg-none alignleft\" src=\"http:\/\/www.fsv-dippoldiswalde.de\/de\/wp-content\/gallery\/e1-jugend-zwischenfazit\/thumbs\/thumbs_29.09.2017-20170910_120611-Saison-2017_18.jpg\" alt=\"29.09.2017 20170910_120611 - Saison 2017_18\"><\/a><\/p>\n<p>Die diesj\u00e4hrige Weihnachtsfeier wird die vom letzten Jahr wahrscheinlich noch einmal \u00fcbertreffen. Die Kletterhalle war schon ein Highlight, aber das \u201eSuperfly\u201c ist schon jetzt bei den Jungs Dauerthema.&nbsp;<\/p>\n<p>&nbsp;<\/p>\n<p>&nbsp;<\/p>\n<p>&nbsp;<\/p>\n<p>&nbsp;<\/p>\n<p>Einen recht herzlichen Dank m\u00f6chte ich an dieser Stelle auch an alle flei\u00dfigen Eltern aussprechen. Egal ob Platzaufbau, Spielberichtserfassung, Trikotw\u00e4sche oder Fahrdienst. Wir brauchen jeden Unterst\u00fctzer! Danke und bitte weiter so.<\/p>\n<p>N\u00e4chstes Training ist am Montag den 16. Oktober.<\/p>\n<p>&nbsp;<\/p>\n<p>Bis dahin eine sch\u00f6ne Zeit ohne FSV-Fu\u00dfball.<\/p>\n<p>Andr\u00e9<\/p>\n","protected":false},"excerpt":{"rendered":"<p>Liebe E1-Fu\u00dfball-Eltern, ich m\u00f6chte die anstehende dreiw\u00f6chige Fu\u00dfballpause gern nutzen um ein kleines Zwischenfazit der noch jungen Saison zu ziehen.&#46;&#46;&#46;<\/p>\n","protected":false},"author":2,"featured_media":27474,"comment_status":"closed","ping_status":"open","sticky":false,"template":"","format":"standard","meta":{"ngg_post_thumbnail":0,"footnotes":"","_links_to":"","_links_to_target":""},"categories":[185],"tags":[],"class_list":["post-27463","post","type-post","status-publish","format-standard","has-post-thumbnail","hentry","category-e-jugend-201718"],"_links":{"self":[{"href":"https:\/\/www.fsv-dippoldiswalde.de\/de\/wp-json\/wp\/v2\/posts\/27463","targetHints":{"allow":["GET"]}}],"collection":[{"href":"https:\/\/www.fsv-dippoldiswalde.de\/de\/wp-json\/wp\/v2\/posts"}],"about":[{"href":"https:\/\/www.fsv-dippoldiswalde.de\/de\/wp-json\/wp\/v2\/types\/post"}],"author":[{"embeddable":true,"href":"https:\/\/www.fsv-dippoldiswalde.de\/de\/wp-json\/wp\/v2\/users\/2"}],"replies":[{"embeddable":true,"href":"https:\/\/www.fsv-dippoldiswalde.de\/de\/wp-json\/wp\/v2\/comments?post=27463"}],"version-history":[{"count":1,"href":"https:\/\/www.fsv-dippoldiswalde.de\/de\/wp-json\/wp\/v2\/posts\/27463\/revisions"}],"predecessor-version":[{"id":27475,"href":"https:\/\/www.fsv-dippoldiswalde.de\/de\/wp-json\/wp\/v2\/posts\/27463\/revisions\/27475"}],"wp:featuredmedia":[{"embeddable":true,"href":"https:\/\/www.fsv-dippoldiswalde.de\/de\/wp-json\/wp\/v2\/media\/27474"}],"wp:attachment":[{"href":"https:\/\/www.fsv-dippoldiswalde.de\/de\/wp-json\/wp\/v2\/media?parent=27463"}],"wp:term":[{"taxonomy":"category","embeddable":true,"href":"https:\/\/www.fsv-dippoldiswalde.de\/de\/wp-json\/wp\/v2\/categories?post=27463"},{"taxonomy":"post_tag","embeddable":true,"href":"https:\/\/www.fsv-dippoldiswalde.de\/de\/wp-json\/wp\/v2\/tags?post=27463"}],"curies":[{"name":"wp","href":"https:\/\/api.w.org\/{rel}","templated":true}]}}