{"id":26068,"date":"2017-07-12T18:18:44","date_gmt":"2017-07-12T16:18:44","guid":{"rendered":"http:\/\/www.fsv-dippoldiswalde.de\/de\/?p=26068"},"modified":"2018-04-03T18:43:27","modified_gmt":"2018-04-03T16:43:27","slug":"11-07-17-trainingsstart-der-1-maenner-mit-zu-und-abgaengen","status":"publish","type":"post","link":"https:\/\/www.fsv-dippoldiswalde.de\/de\/11-07-17-trainingsstart-der-1-maenner-mit-zu-und-abgaengen\/","title":{"rendered":"11.07.17 Trainingsstart der 1. M\u00e4nner mit Zu- und Abg\u00e4ngen"},"content":{"rendered":"<p><a class=\"ngg-fancybox\" title=\" \" href=\"http:\/\/www.fsv-dippoldiswalde.de\/de\/wp-content\/gallery\/1-maenner-1-training-saison-17_18\/11.07.2017-IMG_5102-Saison-2017_18.jpg\" data-image-id=\"8677\" data-src=\"http:\/\/www.fsv-dippoldiswalde.de\/de\/wp-content\/gallery\/1-maenner-1-training-saison-17_18\/11.07.2017-IMG_5102-Saison-2017_18.jpg\" data-thumbnail=\"http:\/\/www.fsv-dippoldiswalde.de\/de\/wp-content\/gallery\/1-maenner-1-training-saison-17_18\/thumbs\/thumbs_11.07.2017-IMG_5102-Saison-2017_18.jpg\" data-title=\"11.07.2017 IMG_5102 - Saison 2017_18\" data-description=\" \"><img decoding=\"async\" class=\"ngg-singlepic ngg-none alignleft\" src=\"http:\/\/www.fsv-dippoldiswalde.de\/de\/wp-content\/gallery\/1-maenner-1-training-saison-17_18\/thumbs\/thumbs_11.07.2017-IMG_5102-Saison-2017_18.jpg\" alt=\"11.07.2017 IMG_5102 - Saison 2017_18\"><\/a>Trainer Thomas B\u00fcttner mit seinem Co. Mirko Gietzelt begr\u00fc\u00dften gestern Abend ihre aktuellen Spieler zum 1. Training f\u00fcr die neue Saison 2017 \/18. Offiziell wurden nun unsere 3 hochger\u00fcckten A-Jugendspieler Clemens R\u00f6hlig, Claas Ukena und David Voigt im M\u00e4nnerbereich begr\u00fc\u00dft. Desweiteren wird nach seinem Urlaub Marvin Kerndt, der vom Hainsberger SV wieder zu seinem Heimatverein zur\u00fcckgekehrt ist und die 6 Spieler der neuen SpG LSV Reichst\u00e4dt \/ FSV M\u00e4nner 2., Benjamin Schmidt, Marcus Kloth, Sebastian Hirschel, Ronny Morgenstern, Valentin Kr\u00f6hnert und Tom Siefke, zur Mannschaft dazu sto\u00dfen und begr\u00fc\u00dft werden. Dagegen m\u00fcssen wir aber auch 3 Abg\u00e4ngen mit Benny Beer, der sich wieder seinem Heimatverein FV Blau-Wei\u00df Freital anschlie\u00dft, Florian Gamaleja, der verletzungsbedingt pausiert und Peter Elsner, der seine erfolgreiche Karriere beendet hat, verkraften. Berufsbedingt musste leider auch der bisherige 1. Co.Trainer Jens Tennert seine Aufgaben bei der 1. M\u00e4nnermannschaft vorerst niederlegen. &nbsp;Wir w\u00fcnschen diesen weiter viel Erfolg und Spass mit und an ihren neuen Zielen.<\/p>\n<p>&nbsp;<\/p>\n<p><span style=\"text-decoration: underline;\"><strong>Zug\u00e4nge :<\/strong><\/span><\/p>\n<p>Marvin Kerndt (Hainsberger SV (A-Jugend)<\/p>\n<p>Clemens R\u00f6hlig (eigene A-Jugend)<\/p>\n<p>Claas Ukena&nbsp;(eigene A-Jugend)<\/p>\n<p>David Voigt&nbsp;(eigene A-Jugend)<\/p>\n<p>Benjamin Schmidt (SpG LSV Reichst\u00e4dt \/ FSV M\u00e4nner 2.)<\/p>\n<p>Marcus Kloth&nbsp;(SpG LSV Reichst\u00e4dt \/ FSV M\u00e4nner 2.)<\/p>\n<p>Sebastian Hirschel&nbsp;(SpG LSV Reichst\u00e4dt \/ FSV M\u00e4nner 2.)<\/p>\n<p>Ronny Morgenstern&nbsp;(SpG LSV Reichst\u00e4dt \/ FSV M\u00e4nner 2.)<\/p>\n<p>Valentin Kr\u00f6hnert&nbsp;(SpG LSV Reichst\u00e4dt \/ FSV M\u00e4nner 2.)<\/p>\n<p>Tom Siefke&nbsp;(SpG LSV Reichst\u00e4dt \/ FSV M\u00e4nner 2.)<\/p>\n<p>&nbsp;<\/p>\n<p><span style=\"text-decoration: underline;\"><strong>Abg\u00e4nge:<\/strong><\/span><\/p>\n<p>Benny Beer (FV Blau-Wei\u00df Freital)<\/p>\n<p>Florian Gamaleja (Verletzung)<\/p>\n<p>Peter Elsner (Karriereende)<\/p>\nngg_shortcode_0_placeholder\n","protected":false},"excerpt":{"rendered":"<p>Trainer Thomas B\u00fcttner mit seinem Co. Mirko Gietzelt begr\u00fc\u00dften gestern Abend ihre aktuellen Spieler zum 1. Training f\u00fcr die neue&#46;&#46;&#46;<\/p>\n","protected":false},"author":2,"featured_media":26069,"comment_status":"closed","ping_status":"open","sticky":false,"template":"","format":"standard","meta":{"ngg_post_thumbnail":0,"footnotes":"","_links_to":"","_links_to_target":""},"categories":[182],"tags":[],"class_list":["post-26068","post","type-post","status-publish","format-standard","has-post-thumbnail","hentry","category-1-maenner-201718"],"_links":{"self":[{"href":"https:\/\/www.fsv-dippoldiswalde.de\/de\/wp-json\/wp\/v2\/posts\/26068","targetHints":{"allow":["GET"]}}],"collection":[{"href":"https:\/\/www.fsv-dippoldiswalde.de\/de\/wp-json\/wp\/v2\/posts"}],"about":[{"href":"https:\/\/www.fsv-dippoldiswalde.de\/de\/wp-json\/wp\/v2\/types\/post"}],"author":[{"embeddable":true,"href":"https:\/\/www.fsv-dippoldiswalde.de\/de\/wp-json\/wp\/v2\/users\/2"}],"replies":[{"embeddable":true,"href":"https:\/\/www.fsv-dippoldiswalde.de\/de\/wp-json\/wp\/v2\/comments?post=26068"}],"version-history":[{"count":3,"href":"https:\/\/www.fsv-dippoldiswalde.de\/de\/wp-json\/wp\/v2\/posts\/26068\/revisions"}],"predecessor-version":[{"id":26073,"href":"https:\/\/www.fsv-dippoldiswalde.de\/de\/wp-json\/wp\/v2\/posts\/26068\/revisions\/26073"}],"wp:featuredmedia":[{"embeddable":true,"href":"https:\/\/www.fsv-dippoldiswalde.de\/de\/wp-json\/wp\/v2\/media\/26069"}],"wp:attachment":[{"href":"https:\/\/www.fsv-dippoldiswalde.de\/de\/wp-json\/wp\/v2\/media?parent=26068"}],"wp:term":[{"taxonomy":"category","embeddable":true,"href":"https:\/\/www.fsv-dippoldiswalde.de\/de\/wp-json\/wp\/v2\/categories?post=26068"},{"taxonomy":"post_tag","embeddable":true,"href":"https:\/\/www.fsv-dippoldiswalde.de\/de\/wp-json\/wp\/v2\/tags?post=26068"}],"curies":[{"name":"wp","href":"https:\/\/api.w.org\/{rel}","templated":true}]}}