{"id":25742,"date":"2017-06-12T23:13:40","date_gmt":"2017-06-12T21:13:40","guid":{"rendered":"http:\/\/www.fsv-dippoldiswalde.de\/de\/?p=25742"},"modified":"2017-06-13T11:28:16","modified_gmt":"2017-06-13T09:28:16","slug":"bilder-vom-dfb-mobil","status":"publish","type":"post","link":"https:\/\/www.fsv-dippoldiswalde.de\/de\/bilder-vom-dfb-mobil\/","title":{"rendered":"Bericht und Bilder vom DFB &#8211; Mobil"},"content":{"rendered":"<p><strong><a class=\"ngg-fancybox\" title=\" \" href=\"http:\/\/www.fsv-dippoldiswalde.de\/de\/wp-content\/gallery\/dfb-mobil-1617\/07.06.2017-IMG_4500-Saison-2016_17.jpg\" data-image-id=\"8555\" data-src=\"http:\/\/www.fsv-dippoldiswalde.de\/de\/wp-content\/gallery\/dfb-mobil-1617\/07.06.2017-IMG_4500-Saison-2016_17.jpg\" data-thumbnail=\"http:\/\/www.fsv-dippoldiswalde.de\/de\/wp-content\/gallery\/dfb-mobil-1617\/thumbs\/thumbs_07.06.2017-IMG_4500-Saison-2016_17.jpg\" data-title=\"07.06.2017 IMG_4500 - Saison 2016_17\" data-description=\" \"><img decoding=\"async\" class=\"ngg-singlepic ngg-left alignleft\" src=\"http:\/\/www.fsv-dippoldiswalde.de\/de\/wp-content\/gallery\/dfb-mobil-1617\/thumbs\/thumbs_07.06.2017-IMG_4500-Saison-2016_17.jpg\" alt=\"07.06.2017 IMG_4500 - Saison 2016_17\"><\/a>Am Mittwoch den 07.06.2017 gastierte&nbsp;das DfB-Mobil bei uns Im Sportpark.<\/strong><\/p>\n<p>Unsere E-Juniorenmannschaften E1 und E2 wollten wir, an ihrem \u00fcblichen Trainingstag, damit etwas gutes tun. Das DFB-Mobil wurde von 2 Teamern begleitet, welche auch das Training durchf\u00fchrten.&nbsp;Diese Einheit sind&nbsp;vom DFB daf\u00fcr ausgelegt um Trainern und \u00dcbungsleitern eine M\u00f6glichkeit zu geben das w\u00f6chentliche Training zu verbessern.&nbsp;Gezielt wurde gezeigt, wie man wertvolle Trainingszeit sinnvoll nutzt (durch Organisation und Vorbereitung), sowie \u00dcbungs- und Spielformen in verschieden Varianten.&nbsp;Unsere E-Junioren erschienen mit 14 Leuten und wurden durch 4 F-Juniorenspieler erg\u00e4nzt, damit war die gew\u00fcnschte Teilnehmerzahl erreicht.&nbsp;Die \u00dcbungsleiter Peter Balaz, Michael Keul, Wolfgang Appelt, Dieter Liebscher, Rico Oschatz, Thomas Sch\u00f6n und Stefan Olschewski nahmen an dieser Schulung teil.&nbsp;Das Vorstandsmitglied Uwe Z\u00f6nnchen nutzte auch die Gunst der Stunde und auch einige Eltern nahmen am Spielfeldrand platz und beobachteten das bunte Treiben.<\/p>\n<p>Nachdem die \u00dcbungsfl\u00e4che aufgebaut war \u00fcbernahm einer der beiden Coaches des DFB das Training, w\u00e4hrend der 2. Mann den Trainern einiges zum Aufbau und Ablauf erkl\u00e4rte.&nbsp;Nach einer kurzen Erw\u00e4rmung durften 3 \u00dcbungsleiter vom FSV am Training teil nehmen.&nbsp;W\u00e4hrend der Trainingseinheit wurden viele Tore geschossen, dadurch hatten&nbsp;die Kinder nat\u00fcrlich eine Menge Spa\u00df.&nbsp;Beim Aufr\u00e4umen waren unsere Sportler besonders schnell und es konnte ein neuer \u201eAufr\u00e4umrekord\u201c aufgestellt werden.<\/p>\n<p>&nbsp;<\/p>\n<p>Im Nachgang gab es noch eine kleine Kurzschulung f\u00fcr das Trainerteam.&nbsp;Ein munterer Erfahrungsaustausch fand in einer lockeren Runde statt.&nbsp;Laut R\u00fcckmeldung, hatte es den Kindern sehr viel Spa\u00df bereitet und die \u00dcbungsleiter konnten wertvolle Informationen mitnehmen.<\/p>\n<p>Der Jugendleiter ist nun gefragt, bald wieder ein besonderes Event f\u00fcr unseren Verein zu gewinnen.<\/p>\n<p>&nbsp;<\/p>\n<p>Dank geht an alle Kinder, Eltern, \u00dcbungsleiter und den Teamern.<\/p>\nngg_shortcode_0_placeholder\n<p><em>Bericht: S.O.<\/em><\/p>\n","protected":false},"excerpt":{"rendered":"<p>Am Mittwoch den 07.06.2017 gastierte&nbsp;das DfB-Mobil bei uns Im Sportpark. Unsere E-Juniorenmannschaften E1 und E2 wollten wir, an ihrem \u00fcblichen&#46;&#46;&#46;<\/p>\n","protected":false},"author":2,"featured_media":25770,"comment_status":"closed","ping_status":"open","sticky":false,"template":"","format":"standard","meta":{"ngg_post_thumbnail":0,"footnotes":"","_links_to":"","_links_to_target":""},"categories":[1],"tags":[],"class_list":["post-25742","post","type-post","status-publish","format-standard","has-post-thumbnail","hentry","category-allgemein"],"_links":{"self":[{"href":"https:\/\/www.fsv-dippoldiswalde.de\/de\/wp-json\/wp\/v2\/posts\/25742","targetHints":{"allow":["GET"]}}],"collection":[{"href":"https:\/\/www.fsv-dippoldiswalde.de\/de\/wp-json\/wp\/v2\/posts"}],"about":[{"href":"https:\/\/www.fsv-dippoldiswalde.de\/de\/wp-json\/wp\/v2\/types\/post"}],"author":[{"embeddable":true,"href":"https:\/\/www.fsv-dippoldiswalde.de\/de\/wp-json\/wp\/v2\/users\/2"}],"replies":[{"embeddable":true,"href":"https:\/\/www.fsv-dippoldiswalde.de\/de\/wp-json\/wp\/v2\/comments?post=25742"}],"version-history":[{"count":3,"href":"https:\/\/www.fsv-dippoldiswalde.de\/de\/wp-json\/wp\/v2\/posts\/25742\/revisions"}],"predecessor-version":[{"id":25773,"href":"https:\/\/www.fsv-dippoldiswalde.de\/de\/wp-json\/wp\/v2\/posts\/25742\/revisions\/25773"}],"wp:featuredmedia":[{"embeddable":true,"href":"https:\/\/www.fsv-dippoldiswalde.de\/de\/wp-json\/wp\/v2\/media\/25770"}],"wp:attachment":[{"href":"https:\/\/www.fsv-dippoldiswalde.de\/de\/wp-json\/wp\/v2\/media?parent=25742"}],"wp:term":[{"taxonomy":"category","embeddable":true,"href":"https:\/\/www.fsv-dippoldiswalde.de\/de\/wp-json\/wp\/v2\/categories?post=25742"},{"taxonomy":"post_tag","embeddable":true,"href":"https:\/\/www.fsv-dippoldiswalde.de\/de\/wp-json\/wp\/v2\/tags?post=25742"}],"curies":[{"name":"wp","href":"https:\/\/api.w.org\/{rel}","templated":true}]}}