{"id":21399,"date":"2016-07-23T17:44:45","date_gmt":"2016-07-23T15:44:45","guid":{"rendered":"http:\/\/www.fsv-dippoldiswalde.de\/de\/?p=21399"},"modified":"2016-07-23T17:52:40","modified_gmt":"2016-07-23T15:52:40","slug":"21-07-16-trainingsbeginn-im-maennerbereich","status":"publish","type":"post","link":"https:\/\/www.fsv-dippoldiswalde.de\/de\/21-07-16-trainingsbeginn-im-maennerbereich\/","title":{"rendered":"21.07.16 Trainingsbeginn im M\u00e4nnerbereich"},"content":{"rendered":"<p><a class=\"ngg-fancybox\" title=\" \" href=\"http:\/\/www.fsv-dippoldiswalde.de\/de\/wp-content\/gallery\/1.M%C3%A4nner-1.Training-16\/17\/23.07.2016-20160721_193321-Saison-2016_17.jpg\" rel=\"\" data-image-id=\"7344\" data-src=\"http:\/\/www.fsv-dippoldiswalde.de\/de\/wp-content\/gallery\/1.M%C3%A4nner-1.Training-16\/17\/23.07.2016-20160721_193321-Saison-2016_17.jpg\" data-thumbnail=\"http:\/\/www.fsv-dippoldiswalde.de\/de\/wp-content\/gallery\/1.M%C3%A4nner-1.Training-16\/17\/thumbs\/thumbs_23.07.2016-20160721_193321-Saison-2016_17.jpg\" data-title=\"23.07.2016 20160721_193321 - Saison 2016_17\" data-description=\" \"><img decoding=\"async\" class=\"ngg-singlepic ngg-none alignleft\" src=\"http:\/\/www.fsv-dippoldiswalde.de\/de\/wp-content\/gallery\/1.M%C3%A4nner-1.Training-16\/17\/thumbs\/thumbs_23.07.2016-20160721_193321-Saison-2016_17.jpg\" alt=\"23.07.2016 20160721_193321 - Saison 2016_17\" \/><\/a>Am Donnerstag, den 21.07.2016, begann unter der Leitung des neuen Trainergespannes, Thomas B\u00fcttner und Jens Tennert wieder das Training und damit die Vorbereitung auf die neue Saison 2016\/17. Thomas B\u00fcttner und Jens Tennert trainierten die letzten Jahre die M\u00e4nner des LSV Reichst\u00e4dt und kommen nun nach Jahren wieder zu ihren Wurzel zur\u00fcck zum FSV Dippoldiswalde und\u00a0\u00fcbernehmen das Amt von Peter Gorny, dessen\u00a0Arrangement von Seitens des Verein nicht verl\u00e4ngert wurde. Desweiteren d\u00fcrfen wir wieder Christoph R\u00fcger in den Reihen des FSV begr\u00fc\u00dfen. Er war einer der S\u00e4ulen der 1. M\u00e4nnermannschaft, die vor 2 Jahren den fulminanten Wiederaufstieg in die Kreisoberliga schafften. Nach einem Jahr Ausflug zum Hainsberger SV, wo er auch zur stetigen Startelf geh\u00f6rte, wechselt er nun wieder zur\u00fcck zum FSV.<\/p>\n<p>Herzlich Willkommen und viel Erfolg!!!<\/p>\n<p>&nbsp;<\/p>\n<p><p>no images were found<\/p><\/p>\n<p>&nbsp;<\/p>\n","protected":false},"excerpt":{"rendered":"<p>Am Donnerstag, den 21.07.2016, begann unter der Leitung des neuen Trainergespannes, Thomas B\u00fcttner und Jens Tennert wieder das Training und&#46;&#46;&#46;<\/p>\n","protected":false},"author":2,"featured_media":0,"comment_status":"closed","ping_status":"open","sticky":false,"template":"","format":"standard","meta":{"ngg_post_thumbnail":0,"footnotes":"","_links_to":"","_links_to_target":""},"categories":[141,142],"tags":[],"class_list":["post-21399","post","type-post","status-publish","format-standard","hentry","category-1-maenner-201617","category-2-maenner-201617"],"_links":{"self":[{"href":"https:\/\/www.fsv-dippoldiswalde.de\/de\/wp-json\/wp\/v2\/posts\/21399","targetHints":{"allow":["GET"]}}],"collection":[{"href":"https:\/\/www.fsv-dippoldiswalde.de\/de\/wp-json\/wp\/v2\/posts"}],"about":[{"href":"https:\/\/www.fsv-dippoldiswalde.de\/de\/wp-json\/wp\/v2\/types\/post"}],"author":[{"embeddable":true,"href":"https:\/\/www.fsv-dippoldiswalde.de\/de\/wp-json\/wp\/v2\/users\/2"}],"replies":[{"embeddable":true,"href":"https:\/\/www.fsv-dippoldiswalde.de\/de\/wp-json\/wp\/v2\/comments?post=21399"}],"version-history":[{"count":1,"href":"https:\/\/www.fsv-dippoldiswalde.de\/de\/wp-json\/wp\/v2\/posts\/21399\/revisions"}],"predecessor-version":[{"id":21401,"href":"https:\/\/www.fsv-dippoldiswalde.de\/de\/wp-json\/wp\/v2\/posts\/21399\/revisions\/21401"}],"wp:attachment":[{"href":"https:\/\/www.fsv-dippoldiswalde.de\/de\/wp-json\/wp\/v2\/media?parent=21399"}],"wp:term":[{"taxonomy":"category","embeddable":true,"href":"https:\/\/www.fsv-dippoldiswalde.de\/de\/wp-json\/wp\/v2\/categories?post=21399"},{"taxonomy":"post_tag","embeddable":true,"href":"https:\/\/www.fsv-dippoldiswalde.de\/de\/wp-json\/wp\/v2\/tags?post=21399"}],"curies":[{"name":"wp","href":"https:\/\/api.w.org\/{rel}","templated":true}]}}