{"id":17757,"date":"2015-09-20T19:42:18","date_gmt":"2015-09-20T17:42:18","guid":{"rendered":"http:\/\/www.fsv-dippoldiswalde.de\/de\/?p=17757"},"modified":"2015-09-20T19:42:46","modified_gmt":"2015-09-20T17:42:46","slug":"20-09-15-fsv-f2-jugend-tsv-seifersdorf-4-6","status":"publish","type":"post","link":"https:\/\/www.fsv-dippoldiswalde.de\/de\/20-09-15-fsv-f2-jugend-tsv-seifersdorf-4-6\/","title":{"rendered":"20.09.15  FSV F2-Jugend  &#8211;  TSV Seifersdorf  4 : 6"},"content":{"rendered":"<p style=\"margin-bottom: .0001pt;\"><strong>Dritte Niederlage der F 2 \u2026.<\/strong><\/p>\n<p style=\"margin-bottom: .0001pt;\">Die F 2 Mannschaft wurde diesmal mit 2 Spielern der F 1 verst\u00e4rkt, um nicht wieder\u00a0im zweistelligen Bereich zu verlieren.\u00a0Till Friedrich und Fynn Scharfe waren als Verst\u00e4rkung da.<\/p>\n<p style=\"margin-bottom: .0001pt;\"><!--more--><\/p>\n<p style=\"margin-bottom: .0001pt;\">Das Spiel wurde dadurch nicht einseitig , sondern versprach Spannung.\u00a0Die G\u00e4ste aus Seifersdorf gingen fr\u00fch durch ihre Spielf\u00fchrerin in F\u00fchrung.\u00a0Till Friedrich konnte jedoch kurz danach den Ausgleich erzielen , einen Pass aus der Abwehr heraus verl\u00e4ngerte Simon Felix geschickt auf Till Friedrich.\u00a0Jedoch konnte Seifersdorf wiederum in F\u00fchrung gehen und Till Friedrich glich erneut aus. Ein Torwartfehler ( Leon Golde lie\u00df einen flachen Ball am Boden durch seine H\u00e4nde gleiten ) , bescherte Seifersdorf die 2 : 3 Pausenf\u00fchrung.<\/p>\n<p style=\"margin-bottom: .0001pt;\">In Halbzeit zwei konnte Simon Felix mit seinem ersten Tor per Nachschu\u00df erneut ausgleichen.\u00a0Till Friedrich besorgte dann die 4 : 3 F\u00fchrung f\u00fcr Dippoldiswalde 2 , dann jedoch machte sich das Ausscheiden des am Knie verletzten Fynn Scharfe bemerkbar, die Abwehr der Dippoldiswalder war unkonzentriert und so konnten die Seifersdorfer\u00a0noch 3 weitere Treffer nachlegen und machten den Sack endg\u00fcltig zu.<\/p>\n<p style=\"margin-bottom: .0001pt;\">F\u00fcr Dippoldiswalde spielten :<\/p>\n<p style=\"margin-bottom: .0001pt;\">Leon Golde , Nick W\u00f6lk , Jannick Andrich , Fynn Scharfe , Tom Sch\u00fctze , Till Friedrich , Moritz Berger ,\u00a0Simon Felix , Nico Zessel und Frederik Keul.<\/p>\n<p style=\"margin-bottom: .0001pt;\"><em>Bericht: Wolfgang Appel<\/em><\/p>\n","protected":false},"excerpt":{"rendered":"<p>Dritte Niederlage der F 2 \u2026. Die F 2 Mannschaft wurde diesmal mit 2 Spielern der F 1 verst\u00e4rkt, um&#46;&#46;&#46;<\/p>\n","protected":false},"author":2,"featured_media":0,"comment_status":"closed","ping_status":"open","sticky":false,"template":"","format":"standard","meta":{"ngg_post_thumbnail":0,"footnotes":"","_links_to":"","_links_to_target":""},"categories":[132,122],"tags":[],"class_list":["post-17757","post","type-post","status-publish","format-standard","hentry","category-f-jugend-201516","category-nachwuchsbereich-201516"],"_links":{"self":[{"href":"https:\/\/www.fsv-dippoldiswalde.de\/de\/wp-json\/wp\/v2\/posts\/17757","targetHints":{"allow":["GET"]}}],"collection":[{"href":"https:\/\/www.fsv-dippoldiswalde.de\/de\/wp-json\/wp\/v2\/posts"}],"about":[{"href":"https:\/\/www.fsv-dippoldiswalde.de\/de\/wp-json\/wp\/v2\/types\/post"}],"author":[{"embeddable":true,"href":"https:\/\/www.fsv-dippoldiswalde.de\/de\/wp-json\/wp\/v2\/users\/2"}],"replies":[{"embeddable":true,"href":"https:\/\/www.fsv-dippoldiswalde.de\/de\/wp-json\/wp\/v2\/comments?post=17757"}],"version-history":[{"count":2,"href":"https:\/\/www.fsv-dippoldiswalde.de\/de\/wp-json\/wp\/v2\/posts\/17757\/revisions"}],"predecessor-version":[{"id":17759,"href":"https:\/\/www.fsv-dippoldiswalde.de\/de\/wp-json\/wp\/v2\/posts\/17757\/revisions\/17759"}],"wp:attachment":[{"href":"https:\/\/www.fsv-dippoldiswalde.de\/de\/wp-json\/wp\/v2\/media?parent=17757"}],"wp:term":[{"taxonomy":"category","embeddable":true,"href":"https:\/\/www.fsv-dippoldiswalde.de\/de\/wp-json\/wp\/v2\/categories?post=17757"},{"taxonomy":"post_tag","embeddable":true,"href":"https:\/\/www.fsv-dippoldiswalde.de\/de\/wp-json\/wp\/v2\/tags?post=17757"}],"curies":[{"name":"wp","href":"https:\/\/api.w.org\/{rel}","templated":true}]}}