{"id":16493,"date":"2015-08-02T16:33:06","date_gmt":"2015-08-02T14:33:06","guid":{"rendered":"http:\/\/www.fsv-dippoldiswalde.de\/de\/?p=16493"},"modified":"2015-08-09T03:47:57","modified_gmt":"2015-08-09T01:47:57","slug":"sommerpause-ist-fuer-die-1-2-schon-vorbei","status":"publish","type":"post","link":"https:\/\/www.fsv-dippoldiswalde.de\/de\/sommerpause-ist-fuer-die-1-2-schon-vorbei\/","title":{"rendered":"Sommerpause ist f\u00fcr die 1.+2. schon vorbei"},"content":{"rendered":"<p>Seit nun mehr 14 Tagen trainieren unsere beiden M\u00e4nnermannschaften wieder. Mit 3 &#8211; 4 mal in der Woche bereiten sich die 1. M\u00e4nner, mit dem neuen Cheftrainer Peter Gorny und Co.Trainer Rico Oschatz, auf die neue Saison in der Kreisoberliga vor.<\/p>\n<p><a class=\"ngg-fancybox\" title=\" Peter Gorny, Benny Beer\" href=\"http:\/\/www.fsv-dippoldiswalde.de\/de\/wp-content\/gallery\/1-maenner-1-training-1516\/16.07.2015-IMG_6477-Saison-2015_16.jpg\" rel=\"\" data-image-id=\"5689\" data-src=\"http:\/\/www.fsv-dippoldiswalde.de\/de\/wp-content\/gallery\/1-maenner-1-training-1516\/16.07.2015-IMG_6477-Saison-2015_16.jpg\" data-thumbnail=\"http:\/\/www.fsv-dippoldiswalde.de\/de\/wp-content\/gallery\/1-maenner-1-training-1516\/thumbs\/thumbs_16.07.2015-IMG_6477-Saison-2015_16.jpg\" data-title=\"16.07.2015  IMG_6477 - Saison 2015_16\" data-description=\" \"><img decoding=\"async\" class=\"ngg-singlepic ngg-none alignleft\" src=\"http:\/\/www.fsv-dippoldiswalde.de\/de\/wp-content\/gallery\/1-maenner-1-training-1516\/thumbs\/thumbs_16.07.2015-IMG_6477-Saison-2015_16.jpg\" alt=\"16.07.2015  IMG_6477 - Saison 2015_16\" \/><\/a>Zum Trainingsstart konnten wir nicht nur den neuen Cheftrainer Peter Gorny, sondern auch den ersten Neuzugang, mit Benny Beer, beim FSV offiziell begr\u00fc\u00dfen. Er spielte zuletzt bei FV Blau-Wei\u00df Stahl Freital.<\/p>\n<p><!--more--><\/p>\n<p>&nbsp;<\/p>\n<p>\n<div class=\"ngg-galleryoverview ngg-template-caption\" id=\"ngg-gallery-e6b3ada1a622be95881f3589a30a4875-16493\">\n\n\t\t\t<!-- Slideshow link -->\n\t<div class=\"slideshowlink\">\n\t\t<a class=\"slideshowlink\" href=\"\n\t\t\thttps:\/\/www.fsv-dippoldiswalde.de\/de\/sommerpause-ist-fuer-die-1-2-schon-vorbei\/nggallery\/slideshow\t\t\">\n\t\t\t[Anzeigen der Bilder als Diashow]\t\t<\/a>\n\t<\/div>\n\n\t<!-- Thumbnails -->\n\t\t\t\t\n\t<div id=\"ngg-image-5685\" class=\"ngg-gallery-thumbnail-box\" \n\t\t\t\t\t\t\t\t\tstyle=\"width:33%;\"\t>\n\t\t<div class=\"ngg-gallery-thumbnail\" >\n\t\t\t<a href=\"\n\t\t\thttps:\/\/www.fsv-dippoldiswalde.de\/de\/wp-content\/gallery\/1-maenner-1-training-1516\/16.07.2015-IMG_6471-Saison-2015_16.jpg\t\t\t\"\n\t\t\t\ttitle=\" \"\n\t\t\t\tclass='use_imagebrowser_effect' data-imagebrowser-url='https:\/\/www.fsv-dippoldiswalde.de\/de\/sommerpause-ist-fuer-die-1-2-schon-vorbei\/nggallery\/image\/%STUB%'\t\t\t\t>\n\t\t\t\t\t\t\t\t<img title=\"16.07.2015 IMG_6471 - Saison 2015_16\" alt=\"16.07.2015 IMG_6471 - Saison 2015_16\" src=\"\n\t\t\t\t\t\t\t\t\t\thttps:\/\/www.fsv-dippoldiswalde.de\/de\/wp-content\/gallery\/1-maenner-1-training-1516\/thumbs\/thumbs_16.07.2015-IMG_6471-Saison-2015_16.jpg\t\t\t\t\" \n\t\t\t\t\twidth='150' height='100'\t\t\t\t\/>\n\t\t\t\t\t\t\t<\/a>\n\t\t\t<span>\n\t\t\t \t\t\t<\/span>\n\t\t<\/div>\n\t<\/div>\n\t\t\t\t\t\t\t\n\t<div id=\"ngg-image-5686\" class=\"ngg-gallery-thumbnail-box\" \n\t\t\t\t\t\t\t\t\tstyle=\"width:33%;\"\t>\n\t\t<div class=\"ngg-gallery-thumbnail\" >\n\t\t\t<a href=\"\n\t\t\thttps:\/\/www.fsv-dippoldiswalde.de\/de\/wp-content\/gallery\/1-maenner-1-training-1516\/16.07.2015-IMG_6472-Saison-2015_16.jpg\t\t\t\"\n\t\t\t\ttitle=\" \"\n\t\t\t\tclass='use_imagebrowser_effect' data-imagebrowser-url='https:\/\/www.fsv-dippoldiswalde.de\/de\/sommerpause-ist-fuer-die-1-2-schon-vorbei\/nggallery\/image\/%STUB%'\t\t\t\t>\n\t\t\t\t\t\t\t\t<img title=\"16.07.2015 IMG_6472 - Saison 2015_16\" alt=\"16.07.2015 IMG_6472 - Saison 2015_16\" src=\"\n\t\t\t\t\t\t\t\t\t\thttps:\/\/www.fsv-dippoldiswalde.de\/de\/wp-content\/gallery\/1-maenner-1-training-1516\/thumbs\/thumbs_16.07.2015-IMG_6472-Saison-2015_16.jpg\t\t\t\t\" \n\t\t\t\t\twidth='150' height='100'\t\t\t\t\/>\n\t\t\t\t\t\t\t<\/a>\n\t\t\t<span>\n\t\t\t \t\t\t<\/span>\n\t\t<\/div>\n\t<\/div>\n\t\t\t\t\t\t\t\n\t<div id=\"ngg-image-5687\" class=\"ngg-gallery-thumbnail-box\" \n\t\t\t\t\t\t\t\t\tstyle=\"width:33%;\"\t>\n\t\t<div class=\"ngg-gallery-thumbnail\" >\n\t\t\t<a href=\"\n\t\t\thttps:\/\/www.fsv-dippoldiswalde.de\/de\/wp-content\/gallery\/1-maenner-1-training-1516\/16.07.2015-IMG_6473-Saison-2015_16.jpg\t\t\t\"\n\t\t\t\ttitle=\" \"\n\t\t\t\tclass='use_imagebrowser_effect' data-imagebrowser-url='https:\/\/www.fsv-dippoldiswalde.de\/de\/sommerpause-ist-fuer-die-1-2-schon-vorbei\/nggallery\/image\/%STUB%'\t\t\t\t>\n\t\t\t\t\t\t\t\t<img title=\"16.07.2015 IMG_6473 - Saison 2015_16\" alt=\"16.07.2015 IMG_6473 - Saison 2015_16\" src=\"\n\t\t\t\t\t\t\t\t\t\thttps:\/\/www.fsv-dippoldiswalde.de\/de\/wp-content\/gallery\/1-maenner-1-training-1516\/thumbs\/thumbs_16.07.2015-IMG_6473-Saison-2015_16.jpg\t\t\t\t\" \n\t\t\t\t\twidth='150' height='100'\t\t\t\t\/>\n\t\t\t\t\t\t\t<\/a>\n\t\t\t<span>\n\t\t\t \t\t\t<\/span>\n\t\t<\/div>\n\t<\/div>\n\t\t\t\t\t\t\t<br style=\"clear: both\" \/>\n\t\t\t\n\t<div id=\"ngg-image-5688\" class=\"ngg-gallery-thumbnail-box\" \n\t\t\t\t\t\t\t\t\tstyle=\"width:33%;\"\t>\n\t\t<div class=\"ngg-gallery-thumbnail\" >\n\t\t\t<a href=\"\n\t\t\thttps:\/\/www.fsv-dippoldiswalde.de\/de\/wp-content\/gallery\/1-maenner-1-training-1516\/16.07.2015-IMG_6475-Saison-2015_16.jpg\t\t\t\"\n\t\t\t\ttitle=\" \"\n\t\t\t\tclass='use_imagebrowser_effect' data-imagebrowser-url='https:\/\/www.fsv-dippoldiswalde.de\/de\/sommerpause-ist-fuer-die-1-2-schon-vorbei\/nggallery\/image\/%STUB%'\t\t\t\t>\n\t\t\t\t\t\t\t\t<img title=\"16.07.2015 IMG_6475 - Saison 2015_16\" alt=\"16.07.2015 IMG_6475 - Saison 2015_16\" src=\"\n\t\t\t\t\t\t\t\t\t\thttps:\/\/www.fsv-dippoldiswalde.de\/de\/wp-content\/gallery\/1-maenner-1-training-1516\/thumbs\/thumbs_16.07.2015-IMG_6475-Saison-2015_16.jpg\t\t\t\t\" \n\t\t\t\t\twidth='150' height='100'\t\t\t\t\/>\n\t\t\t\t\t\t\t<\/a>\n\t\t\t<span>\n\t\t\t \t\t\t<\/span>\n\t\t<\/div>\n\t<\/div>\n\t\t\t\t\t\t\t\n\t<div id=\"ngg-image-5689\" class=\"ngg-gallery-thumbnail-box\" \n\t\t\t\t\t\t\t\t\tstyle=\"width:33%;\"\t>\n\t\t<div class=\"ngg-gallery-thumbnail\" >\n\t\t\t<a href=\"\n\t\t\thttps:\/\/www.fsv-dippoldiswalde.de\/de\/wp-content\/gallery\/1-maenner-1-training-1516\/16.07.2015-IMG_6477-Saison-2015_16.jpg\t\t\t\"\n\t\t\t\ttitle=\"Peter Gorny, Benny Beer\"\n\t\t\t\tclass='use_imagebrowser_effect' data-imagebrowser-url='https:\/\/www.fsv-dippoldiswalde.de\/de\/sommerpause-ist-fuer-die-1-2-schon-vorbei\/nggallery\/image\/%STUB%'\t\t\t\t>\n\t\t\t\t\t\t\t\t<img title=\"16.07.2015 IMG_6477 - Saison 2015_16\" alt=\"16.07.2015 IMG_6477 - Saison 2015_16\" src=\"\n\t\t\t\t\t\t\t\t\t\thttps:\/\/www.fsv-dippoldiswalde.de\/de\/wp-content\/gallery\/1-maenner-1-training-1516\/thumbs\/thumbs_16.07.2015-IMG_6477-Saison-2015_16.jpg\t\t\t\t\" \n\t\t\t\t\twidth='150' height='100'\t\t\t\t\/>\n\t\t\t\t\t\t\t<\/a>\n\t\t\t<span>\n\t\t\tPeter Gorny, Benny Beer\t\t\t<\/span>\n\t\t<\/div>\n\t<\/div>\n\t\t\t\t\t\t\t\n\t<div id=\"ngg-image-5690\" class=\"ngg-gallery-thumbnail-box\" \n\t\t\t\t\t\t\t\t\tstyle=\"width:33%;\"\t>\n\t\t<div class=\"ngg-gallery-thumbnail\" >\n\t\t\t<a href=\"\n\t\t\thttps:\/\/www.fsv-dippoldiswalde.de\/de\/wp-content\/gallery\/1-maenner-1-training-1516\/16.07.2015-IMG_6479-Saison-2015_16.jpg\t\t\t\"\n\t\t\t\ttitle=\" \"\n\t\t\t\tclass='use_imagebrowser_effect' data-imagebrowser-url='https:\/\/www.fsv-dippoldiswalde.de\/de\/sommerpause-ist-fuer-die-1-2-schon-vorbei\/nggallery\/image\/%STUB%'\t\t\t\t>\n\t\t\t\t\t\t\t\t<img title=\"16.07.2015 IMG_6479 - Saison 2015_16\" alt=\"16.07.2015 IMG_6479 - Saison 2015_16\" src=\"\n\t\t\t\t\t\t\t\t\t\thttps:\/\/www.fsv-dippoldiswalde.de\/de\/wp-content\/gallery\/1-maenner-1-training-1516\/thumbs\/thumbs_16.07.2015-IMG_6479-Saison-2015_16.jpg\t\t\t\t\" \n\t\t\t\t\twidth='150' height='100'\t\t\t\t\/>\n\t\t\t\t\t\t\t<\/a>\n\t\t\t<span>\n\t\t\t \t\t\t<\/span>\n\t\t<\/div>\n\t<\/div>\n\t\t\t\t\t\t\t<br style=\"clear: both\" \/>\n\t\t\t\n\t<div id=\"ngg-image-5691\" class=\"ngg-gallery-thumbnail-box\" \n\t\t\t\t\t\t\t\t\tstyle=\"width:33%;\"\t>\n\t\t<div class=\"ngg-gallery-thumbnail\" >\n\t\t\t<a href=\"\n\t\t\thttps:\/\/www.fsv-dippoldiswalde.de\/de\/wp-content\/gallery\/1-maenner-1-training-1516\/16.07.2015-IMG_6483-Saison-2015_16.jpg\t\t\t\"\n\t\t\t\ttitle=\" \"\n\t\t\t\tclass='use_imagebrowser_effect' data-imagebrowser-url='https:\/\/www.fsv-dippoldiswalde.de\/de\/sommerpause-ist-fuer-die-1-2-schon-vorbei\/nggallery\/image\/%STUB%'\t\t\t\t>\n\t\t\t\t\t\t\t\t<img title=\"16.07.2015 IMG_6483 - Saison 2015_16\" alt=\"16.07.2015 IMG_6483 - Saison 2015_16\" src=\"\n\t\t\t\t\t\t\t\t\t\thttps:\/\/www.fsv-dippoldiswalde.de\/de\/wp-content\/gallery\/1-maenner-1-training-1516\/thumbs\/thumbs_16.07.2015-IMG_6483-Saison-2015_16.jpg\t\t\t\t\" \n\t\t\t\t\twidth='150' height='100'\t\t\t\t\/>\n\t\t\t\t\t\t\t<\/a>\n\t\t\t<span>\n\t\t\t \t\t\t<\/span>\n\t\t<\/div>\n\t<\/div>\n\t\t\t\t\t\t\t\n\t<div id=\"ngg-image-5692\" class=\"ngg-gallery-thumbnail-box\" \n\t\t\t\t\t\t\t\t\tstyle=\"width:33%;\"\t>\n\t\t<div class=\"ngg-gallery-thumbnail\" >\n\t\t\t<a href=\"\n\t\t\thttps:\/\/www.fsv-dippoldiswalde.de\/de\/wp-content\/gallery\/1-maenner-1-training-1516\/16.07.2015-IMG_6486-Saison-2015_16.jpg\t\t\t\"\n\t\t\t\ttitle=\" \"\n\t\t\t\tclass='use_imagebrowser_effect' data-imagebrowser-url='https:\/\/www.fsv-dippoldiswalde.de\/de\/sommerpause-ist-fuer-die-1-2-schon-vorbei\/nggallery\/image\/%STUB%'\t\t\t\t>\n\t\t\t\t\t\t\t\t<img title=\"16.07.2015 IMG_6486 - Saison 2015_16\" alt=\"16.07.2015 IMG_6486 - Saison 2015_16\" src=\"\n\t\t\t\t\t\t\t\t\t\thttps:\/\/www.fsv-dippoldiswalde.de\/de\/wp-content\/gallery\/1-maenner-1-training-1516\/thumbs\/thumbs_16.07.2015-IMG_6486-Saison-2015_16.jpg\t\t\t\t\" \n\t\t\t\t\twidth='150' height='100'\t\t\t\t\/>\n\t\t\t\t\t\t\t<\/a>\n\t\t\t<span>\n\t\t\t \t\t\t<\/span>\n\t\t<\/div>\n\t<\/div>\n\t\t\t\t\t\t\t\n\t<div id=\"ngg-image-5693\" class=\"ngg-gallery-thumbnail-box\" \n\t\t\t\t\t\t\t\t\tstyle=\"width:33%;\"\t>\n\t\t<div class=\"ngg-gallery-thumbnail\" >\n\t\t\t<a href=\"\n\t\t\thttps:\/\/www.fsv-dippoldiswalde.de\/de\/wp-content\/gallery\/1-maenner-1-training-1516\/16.07.2015-IMG_6487-Saison-2015_16.jpg\t\t\t\"\n\t\t\t\ttitle=\" \"\n\t\t\t\tclass='use_imagebrowser_effect' data-imagebrowser-url='https:\/\/www.fsv-dippoldiswalde.de\/de\/sommerpause-ist-fuer-die-1-2-schon-vorbei\/nggallery\/image\/%STUB%'\t\t\t\t>\n\t\t\t\t\t\t\t\t<img title=\"16.07.2015 IMG_6487 - Saison 2015_16\" alt=\"16.07.2015 IMG_6487 - Saison 2015_16\" src=\"\n\t\t\t\t\t\t\t\t\t\thttps:\/\/www.fsv-dippoldiswalde.de\/de\/wp-content\/gallery\/1-maenner-1-training-1516\/thumbs\/thumbs_16.07.2015-IMG_6487-Saison-2015_16.jpg\t\t\t\t\" \n\t\t\t\t\twidth='150' height='100'\t\t\t\t\/>\n\t\t\t\t\t\t\t<\/a>\n\t\t\t<span>\n\t\t\t \t\t\t<\/span>\n\t\t<\/div>\n\t<\/div>\n\t\t\t\t\t\t\t<br style=\"clear: both\" \/>\n\t\t\t\n\t<div id=\"ngg-image-5694\" class=\"ngg-gallery-thumbnail-box\" \n\t\t\t\t\t\t\t\t\tstyle=\"width:33%;\"\t>\n\t\t<div class=\"ngg-gallery-thumbnail\" >\n\t\t\t<a href=\"\n\t\t\thttps:\/\/www.fsv-dippoldiswalde.de\/de\/wp-content\/gallery\/1-maenner-1-training-1516\/16.07.2015-IMG_6490-Saison-2015_16.jpg\t\t\t\"\n\t\t\t\ttitle=\" \"\n\t\t\t\tclass='use_imagebrowser_effect' data-imagebrowser-url='https:\/\/www.fsv-dippoldiswalde.de\/de\/sommerpause-ist-fuer-die-1-2-schon-vorbei\/nggallery\/image\/%STUB%'\t\t\t\t>\n\t\t\t\t\t\t\t\t<img title=\"16.07.2015 IMG_6490 - Saison 2015_16\" alt=\"16.07.2015 IMG_6490 - Saison 2015_16\" src=\"\n\t\t\t\t\t\t\t\t\t\thttps:\/\/www.fsv-dippoldiswalde.de\/de\/wp-content\/gallery\/1-maenner-1-training-1516\/thumbs\/thumbs_16.07.2015-IMG_6490-Saison-2015_16.jpg\t\t\t\t\" \n\t\t\t\t\twidth='150' height='100'\t\t\t\t\/>\n\t\t\t\t\t\t\t<\/a>\n\t\t\t<span>\n\t\t\t \t\t\t<\/span>\n\t\t<\/div>\n\t<\/div>\n\t\t\t\t\t\t\t\t<!-- Pagination -->\n\t\t\n<\/div>\n\n\t<\/p>\n<p>&nbsp;<\/p>\n<p>Das Trainergespann um Stefan Anton und Falk Schm\u00f6ckel macht die Jungs der 2. M\u00e4nner fit f\u00fcr die Saison in der\u00a0Kreisliga. Sie haben auch schon 2 Testspiele bestritten, um ihren Stand der Dinge zutesten.<\/p>\n<p>SV Chemie Dohna 2. ( Kreisliga Ost) &#8211; FSV M\u00e4nner 2. \u00a0<strong>2 : 1<\/strong> \u00a0<a href=\"http:\/\/www.fussball.de\/spiel\/-\/spiel\/01P0TLSVMO000000VV0AG813VVG3HOQQ#!\/section\/course\">&#8211;&gt; Spielverlauf<\/a><\/p>\n<p>FV Eintracht Niesky 2. ( Kreisliga A) &#8211; FSV M\u00e4nner 2. \u00a0<strong>6 : 5<\/strong><\/p>\n<p>&nbsp;<\/p>\n","protected":false},"excerpt":{"rendered":"<p>Seit nun mehr 14 Tagen trainieren unsere beiden M\u00e4nnermannschaften wieder. Mit 3 &#8211; 4 mal in der Woche bereiten sich&#46;&#46;&#46;<\/p>\n","protected":false},"author":2,"featured_media":0,"comment_status":"closed","ping_status":"open","sticky":false,"template":"","format":"standard","meta":{"ngg_post_thumbnail":0,"footnotes":"","_links_to":"","_links_to_target":""},"categories":[104,1],"tags":[],"class_list":["post-16493","post","type-post","status-publish","format-standard","hentry","category-1-maenner-201516","category-allgemein"],"_links":{"self":[{"href":"https:\/\/www.fsv-dippoldiswalde.de\/de\/wp-json\/wp\/v2\/posts\/16493","targetHints":{"allow":["GET"]}}],"collection":[{"href":"https:\/\/www.fsv-dippoldiswalde.de\/de\/wp-json\/wp\/v2\/posts"}],"about":[{"href":"https:\/\/www.fsv-dippoldiswalde.de\/de\/wp-json\/wp\/v2\/types\/post"}],"author":[{"embeddable":true,"href":"https:\/\/www.fsv-dippoldiswalde.de\/de\/wp-json\/wp\/v2\/users\/2"}],"replies":[{"embeddable":true,"href":"https:\/\/www.fsv-dippoldiswalde.de\/de\/wp-json\/wp\/v2\/comments?post=16493"}],"version-history":[{"count":8,"href":"https:\/\/www.fsv-dippoldiswalde.de\/de\/wp-json\/wp\/v2\/posts\/16493\/revisions"}],"predecessor-version":[{"id":16710,"href":"https:\/\/www.fsv-dippoldiswalde.de\/de\/wp-json\/wp\/v2\/posts\/16493\/revisions\/16710"}],"wp:attachment":[{"href":"https:\/\/www.fsv-dippoldiswalde.de\/de\/wp-json\/wp\/v2\/media?parent=16493"}],"wp:term":[{"taxonomy":"category","embeddable":true,"href":"https:\/\/www.fsv-dippoldiswalde.de\/de\/wp-json\/wp\/v2\/categories?post=16493"},{"taxonomy":"post_tag","embeddable":true,"href":"https:\/\/www.fsv-dippoldiswalde.de\/de\/wp-json\/wp\/v2\/tags?post=16493"}],"curies":[{"name":"wp","href":"https:\/\/api.w.org\/{rel}","templated":true}]}}