{"id":16482,"date":"2015-08-02T15:41:47","date_gmt":"2015-08-02T13:41:47","guid":{"rendered":"http:\/\/www.fsv-dippoldiswalde.de\/de\/?p=16482"},"modified":"2015-08-02T15:41:47","modified_gmt":"2015-08-02T13:41:47","slug":"rueckblick-auf-die-feierlichkeit-25-jahre-fsv-dippoldiswalde-e-v","status":"publish","type":"post","link":"https:\/\/www.fsv-dippoldiswalde.de\/de\/rueckblick-auf-die-feierlichkeit-25-jahre-fsv-dippoldiswalde-e-v\/","title":{"rendered":"R\u00fcckblick auf die Feierlichkeit 25 Jahre FSV Dippoldiswalde e.V."},"content":{"rendered":"<p><strong>Am 20.\/21. Juni 2015 wurde der FSV Dippoldiswalde e.V. 25 Jahre alt und lud sich dazu<\/strong><br \/>\n<strong>G\u00e4ste in den Sportpark Dippoldiswalde ein.<\/strong><\/p>\n<p>Die Gr\u00fcndung eines eigenst\u00e4ndigen Vereins im Jahr 1990 erfolgte durch die Initiative der\u00a0Fu\u00dfballer aus Dippoldiswalde. Die 37 j\u00e4hrige \u00c4ra von Dynamo Dippoldiswalde wurde<br \/>\ndamit beendet und ein neues Kapitel der nunmehr 105 j\u00e4hrigen Fu\u00dfballgeschichte von<br \/>\nDippoldiswalde begann.<\/p>\n<p>&nbsp;<\/p>\n<p><!--more--><\/p>\n<p dir=\"ltr\">Zum 1. Vorsitzenden wurde am 7. Juni 1990 Eberhard Bodis\u00a0gew\u00e4hlt. Gemeinsam mit den Mitgliedern, Freunden und Sponsoren wurde Neuland\u00a0betreten und der FSV Schritt f\u00fcr Schritt auf eigen Beine gestellt. Einzelheiten zur\u00a0interessanten Geschichte sind in der Fu\u00dfball-Chronik Dippoldiswalde zu lesen.\u00a0F\u00fcr das Geburtstagswochenende wurde langfristig ein Programm gestaltet, wobei der\u00a0Fu\u00dfball im Mittelpunkt stand. Die Mannschaften des FSV Dippoldiswalde zeigten in\u00a0Turnieren, Freundschafts- und Punktspielen ihr K\u00f6nnen.<\/p>\n<p dir=\"ltr\">Die F-Jugend (\u00dcbungsleiter: Wolfgang Appel, Andre K\u00e4stner, Jana Bautzmann) spielte ein\u00a0Miniturnier, welches die 1. Mannschaft des FSV gewann.<br \/>\nDie D-Jugend (\u00dcbungsleiter: Silvio Heiden) spielte gegen die C-M\u00e4dchenmannschaft vom<br \/>\nBobritzscher SV und gewann 12:3.<\/p>\n<p dir=\"ltr\"><a href=\"http:\/\/www.fsv-dippoldiswalde.de\/de\/wp-content\/uploads\/2015\/08\/072-25-Jahre-FSV-Dippoldiswalde.jpg\"><img decoding=\"async\" class=\"alignleft size-thumbnail wp-image-16484\" src=\"http:\/\/www.fsv-dippoldiswalde.de\/de\/wp-content\/uploads\/2015\/08\/072-25-Jahre-FSV-Dippoldiswalde-150x105.jpg\" alt=\"072 25 Jahre FSV Dippoldiswalde\" width=\"150\" height=\"105\" \/><\/a>Die M\u00e4nner 1 (\u00dcbungsleiter: Robin Kr\u00e4mer, Rico Oschatz, Dieter Liebscher) bestritten ihr\u00a0letztes Punktspiel der Saison 2014\/15 gegen die SG Kesselsdorf. Die Einlaufkinder\u00a0unserer G und F-Jugend begleiteten beide Mannschaften und liessen die gasgef\u00fcllten\u00a0Luftballons in den verregneten Himmel steigen. Der seit langem feststehende\u00a0Kreisligameister Staffel West gewann das Spiel mit 3:0 und nahm im Anschluss der Partie\u00a0die Auszeichnungen vom Pr\u00e4sidenten KVF S\u00e4chsische Schweiz \/ Osterzgebirge Peter\u00a0Riebisch in Empfang.<br \/>\nDie M\u00e4nner 2 (\u00dcbungsleiter: Stefan Anton, Tom Weber, Falk Schm\u00f6kel) wurden an<br \/>\ngleicher Stelle f\u00fcr den Staffelsieg in der 1. Kreisklasse West mit dem Pokal geehrt.<br \/>\nDamit erreichten beide M\u00e4nnermannschaften ein Novum in der FSV-Geschichte:<br \/>\n2 Staffelsieger = 2 Aufsteiger, nochmals herzlichen Gl\u00fcckwunsch!<\/p>\n<p dir=\"ltr\">Am Nachmittag spielte die AH-Mannschaft (\u00dcbungsleiter: J\u00fcrgen Ritter, Heiko Sandig,<br \/>\nKlaus Scharfe) gegen die verst\u00e4rkte AH-Mannschaft SV D\u00f6bbern und verlor 4:8.<br \/>\nDiese Sportfreundschaft besteht schon 33 Jahre und wurde am Wochenende 3.-5.Juli<br \/>\n2015 weiter gepflegt.<br \/>\nF\u00fcr den Abend hatte sich der FSV G\u00e4ste eingeladen.<br \/>\nIm gut gef\u00fcllten Festzelt er\u00f6ffnete der Vorsitzende Frank Winkler den offiziellen Teil und<br \/>\nberichtete kurz \u00fcber die 25 j\u00e4hrige Fu\u00dfballgeschichte des FSV.<br \/>\nIm Anschluss \u00fcbermittelten Peter Riebisch (Pr\u00e4sident KVF S\u00e4chsische Schweiz \/<br \/>\nOsterzgebirge), Mario K\u00fchne (Kreissportbund S\u00e4chsische Schweiz-Osterzgebirge), Jens<br \/>\nPeter (OBM der Gro\u00dfen Kreisstadt Dippoldiswalde) und Vertreter der anwesenden<br \/>\nVereine, Gl\u00fcckw\u00fcnsche, Auszeichnungen, Geschenke und viele nette Sachen an Vertreter<br \/>\ndes FSV Dippoldiswalde. Unter den Ausgezeichneten war auch Heinz Sandig, der f\u00fcr sein<br \/>\nlangj\u00e4hriges Engagement rund um den Dippser Fu\u00dfball mit der Ehrennadel des SFV in<br \/>\nGold geehrt wurde. Danke Heinz und allen Ausgezeichneten des FSV Dippoldiswalde.<br \/>\nBei Musik, Spiel und Spa\u00df klang dieser sch\u00f6ne Abend (Morgen) fr\u00f6hlich aus.<\/p>\n<p dir=\"ltr\">Am Sonntag 9:00 Uhr spielte die Spielgemeinschaft FSV Dippoldiswalde \/ Stahl<br \/>\nSchmiedeberg B-Jugend (\u00dcbungsleiter: Ronny Mann, Thomas Voigt, Michael Gei\u00dfler) das<br \/>\nPokalfinale gegen Blau-Wei\u00df Stahl Freital in Possendorf. Die Spieler wurden 3 mal kalt<br \/>\nerwischt, konnten noch zum1:3 verk\u00fcrzen, aber mussten sich mit diesem Ergebnis<br \/>\ngeschlagen geben.<br \/>\nIm Sportpark Dippoldiswalde spielte zur gleichen Zeit die E-Jugend (\u00dcbungsleiter: Peter<br \/>\nBalaz, Tilo Wittig) gegen VfL Pirna &#8211; Copitz 2:9.<br \/>\nIm Anschluss spielte die FSV-C-Jugend (\u00dcbungsleiter: Maik Richter, Stefan Schreiber)<br \/>\ngegen Vorstand und \u00dcbungsleiter des FSV Dippoldiswalde 2:9, hatten trotzdem Spa\u00df und<br \/>\nlernten einige Fu\u00dfballer des FSV n\u00e4her kennen.<br \/>\nF\u00fcr 13:00 Uhr war das letzte Punktspiel der M\u00e4nner 2 mit Umrahmung angesetzt, doch die<br \/>\nG\u00e4ste aus Altenberg sagten das Spiel ab. Die AH-Mannschaft des FSV spielte kurzfristig<br \/>\ngegen die M\u00e4nner 2. und trennte sich 3:3.<\/p>\n<p dir=\"ltr\">An beiden Tagen war durch J\u00fcrgen M\u00fcller &amp; Co bestens f\u00fcr die Ern\u00e4hrung gesorgt.<br \/>\nWeiterhin wurde das Wochenende mit H\u00fcpfburg, Torwandschie\u00dfen, Bierrutsche und<br \/>\nmusikalisch mit der Miniband Michael Falkenhain &amp; Eckhart B\u00f6hm umrahmt. Die FSVMitglieder<br \/>\nund G\u00e4ste beteiligten sich sehr zahlreich am Wettbewerb:<\/p>\n<p dir=\"ltr\"><a href=\"http:\/\/www.fsv-dippoldiswalde.de\/de\/wp-content\/uploads\/2015\/08\/048-25-Jahre-FSV-Dippoldiswalde.jpg\"><img decoding=\"async\" class=\"alignleft size-thumbnail wp-image-16485\" src=\"http:\/\/www.fsv-dippoldiswalde.de\/de\/wp-content\/uploads\/2015\/08\/048-25-Jahre-FSV-Dippoldiswalde-150x105.jpg\" alt=\"048 25 Jahre FSV Dippoldiswalde\" width=\"150\" height=\"105\" \/><\/a>Welcher Luftballon\u00a0fliegt am Weitesten? Dazu kamen schon R\u00fcckmeldungen aus Usti nad Labem (Aufl\u00f6sung\u00a0folgt).<\/p>\n<p><br class=\"clear\" \/><br \/>\n<br class=\"clear\" \/><br \/>\n<br class=\"clear\" \/><\/p>\n<p dir=\"ltr\">Ich bedanke mich im Namen des FSV Dippoldiswalde ganz herzlich bei den Machern,<br \/>\nSponsoren, Freunden des FSV f\u00fcr die Vorbereitung und Durchf\u00fchrung des gelungenen<br \/>\nFestwochenendes 25 Jahre FSV Dippoldiswalde.<\/p>\n<p><br class=\"clear\" \/><\/p>\n<p dir=\"ltr\">Frank Winkler<\/p>\n<p dir=\"ltr\">Vorsitzender<\/p>\n","protected":false},"excerpt":{"rendered":"<p>Am 20.\/21. Juni 2015 wurde der FSV Dippoldiswalde e.V. 25 Jahre alt und lud sich dazu G\u00e4ste in den Sportpark&#46;&#46;&#46;<\/p>\n","protected":false},"author":2,"featured_media":0,"comment_status":"closed","ping_status":"open","sticky":false,"template":"","format":"standard","meta":{"ngg_post_thumbnail":0,"footnotes":"","_links_to":"","_links_to_target":""},"categories":[1],"tags":[],"class_list":["post-16482","post","type-post","status-publish","format-standard","hentry","category-allgemein"],"_links":{"self":[{"href":"https:\/\/www.fsv-dippoldiswalde.de\/de\/wp-json\/wp\/v2\/posts\/16482","targetHints":{"allow":["GET"]}}],"collection":[{"href":"https:\/\/www.fsv-dippoldiswalde.de\/de\/wp-json\/wp\/v2\/posts"}],"about":[{"href":"https:\/\/www.fsv-dippoldiswalde.de\/de\/wp-json\/wp\/v2\/types\/post"}],"author":[{"embeddable":true,"href":"https:\/\/www.fsv-dippoldiswalde.de\/de\/wp-json\/wp\/v2\/users\/2"}],"replies":[{"embeddable":true,"href":"https:\/\/www.fsv-dippoldiswalde.de\/de\/wp-json\/wp\/v2\/comments?post=16482"}],"version-history":[{"count":7,"href":"https:\/\/www.fsv-dippoldiswalde.de\/de\/wp-json\/wp\/v2\/posts\/16482\/revisions"}],"predecessor-version":[{"id":16492,"href":"https:\/\/www.fsv-dippoldiswalde.de\/de\/wp-json\/wp\/v2\/posts\/16482\/revisions\/16492"}],"wp:attachment":[{"href":"https:\/\/www.fsv-dippoldiswalde.de\/de\/wp-json\/wp\/v2\/media?parent=16482"}],"wp:term":[{"taxonomy":"category","embeddable":true,"href":"https:\/\/www.fsv-dippoldiswalde.de\/de\/wp-json\/wp\/v2\/categories?post=16482"},{"taxonomy":"post_tag","embeddable":true,"href":"https:\/\/www.fsv-dippoldiswalde.de\/de\/wp-json\/wp\/v2\/tags?post=16482"}],"curies":[{"name":"wp","href":"https:\/\/api.w.org\/{rel}","templated":true}]}}